{"id":25779,"date":"2025-04-30T11:52:38","date_gmt":"2025-04-30T11:52:38","guid":{"rendered":"https:\/\/www.lodelmomentoloja.com\/?p=25779"},"modified":"2025-04-30T17:04:17","modified_gmt":"2025-04-30T17:04:17","slug":"ministerio-de-salud-confirma-cerca-de-220-casos-de-tosferina-en-ecuador","status":"publish","type":"post","link":"https:\/\/www.lodelmomentoloja.com\/?p=25779","title":{"rendered":"Ministerio de Salud confirma cerca de 220 casos de tosferina en Ecuador."},"content":{"rendered":"<p class=\"selectable-text copyable-text x15bjb6t x1n2onr6\" dir=\"ltr\"><span class=\"x19la9d6 x1fc57z9 x6ikm8r x10wlt62 x19co3pv x1g5zs5t xfibh0p xiy17q3 x1xsqp64 x1lkfr7t xexx8yu x4uap5 x18d9i69 xkhd6sd\"><span class=\"xrtxmta x1bhl96m\">\ud83d\udea8<\/span><\/span><span class=\"x19la9d6 x1fc57z9 x6ikm8r x10wlt62 x19co3pv x1g5zs5t xfibh0p xiy17q3 x1xsqp64 x1lkfr7t xexx8yu x4uap5 x18d9i69 xkhd6sd\"><span class=\"xrtxmta x1bhl96m\">\ud83d\ude37<\/span><\/span><span class=\"x19la9d6 x1fc57z9 x6ikm8r x10wlt62 x19co3pv x1g5zs5t xfibh0p xiy17q3 x1xsqp64 x1lkfr7t xexx8yu x4uap5 x18d9i69 xkhd6sd\"><span class=\"xrtxmta x1bhl96m\">\ud83d\udc89<\/span><\/span><span class=\"selectable-text copyable-text false\"> \u00a1Casos confirmados! La tosferina es una enfermedad infecciona que parec\u00eda estar controlado por d\u00e9cadas, volvi\u00f3 con fuerza a Ecuador, puesto que, a nivel nacional ya se han confirmado alrededor 220 casos de esta enfermedad respiratoria en provincias como Guayas, Pichincha, Manab\u00ed, Santo Domingo e Imbabura. Los s\u00edntomas incluyen fiebre leve, tos persistente y, en casos graves, dificultad para respirar, especialmente, en pacientes menores de un a\u00f1o.<\/p>\n<p><\/span><\/p>\n<div style=\"width: 640px;\" class=\"wp-video\"><!--[if lt IE 9]><script>document.createElement('video');<\/script><![endif]-->\n<video class=\"wp-video-shortcode\" id=\"video-25779-1\" width=\"640\" height=\"360\" preload=\"metadata\" controls=\"controls\"><source type=\"video\/mp4\" src=\"http:\/\/www.lodelmomentoloja.com\/wp-content\/uploads\/2025\/04\/TOSFERINA-EN-ECUADOR-2025-REDUCIDO.mp4?_=1\" \/><a href=\"http:\/\/www.lodelmomentoloja.com\/wp-content\/uploads\/2025\/04\/TOSFERINA-EN-ECUADOR-2025-REDUCIDO.mp4\">http:\/\/www.lodelmomentoloja.com\/wp-content\/uploads\/2025\/04\/TOSFERINA-EN-ECUADOR-2025-REDUCIDO.mp4<\/a><\/video><\/div>\n<p class=\"selectable-text copyable-text x15bjb6t x1n2onr6\" dir=\"ltr\"><span class=\"selectable-text copyable-text false\">\u00a0<\/span><\/p>\n<p>La tosferina, tambi\u00e9n conocida como pertussis o tos de los 100 d\u00edas es una infecci\u00f3n respiratoria altamente contagiosa que se transmite por gotas al toser o estornudar. Los s\u00edntomas incluyen fiebre leve, tos persistente y, en casos graves, dificultad para respirar, especialmente, en pacientes menores de un a\u00f1o.<\/p>\n<p>Aunque la Secretar\u00eda de Salud hab\u00eda confirmado el primer caso de tosferina el pasado lunes 28 de abril, el informe del Ministerio de Salud detalla que la distribuci\u00f3n de los casos no es homog\u00e9nea a nivel nacional, dejando:<br \/>\n&#8211; 85 contagios en la provincia de Guayas<br \/>\n&#8211; 29 en Pichincha<br \/>\n&#8211; 28 casos en la provincia de Manab\u00ed<br \/>\n&#8211; 18 en Santo Domingo<br \/>\n&#8211; Y 10 en Imbabura<\/p>\n<p>Seg\u00fan los datos oficiales el grupo m\u00e1s afectado son los menores de un a\u00f1o, por lo que expertos han manifestado su preocupaci\u00f3n por la propagaci\u00f3n de la enfermedad, ya que los lactantes menores de seis meses a\u00fan no han completado su esquema de vacunaci\u00f3n primaria contra la difteria, t\u00e9tanos y tosferina (DTP).<\/p>\n<p>El incremento de casos de tosferina pone en alerta al sistema de salud, puesto que, supera en m\u00e1s de 50% a los 141 contagios registrados en el a\u00f1o 2024. En este sentido, Ecuador es parte de la campa\u00f1a de inmunizaci\u00f3n de las Am\u00e9ricas y las vacunas se aplicar\u00e1n el pr\u00f3ximo 30 de junio del a\u00f1o en curso.<\/p>\n<p class=\"selectable-text copyable-text x15bjb6t x1n2onr6\" dir=\"ltr\"><span class=\"selectable-text copyable-text false\">Noticia completa <\/span><span class=\"x19la9d6 x1fc57z9 x6ikm8r x10wlt62 x19co3pv x1g5zs5t xfibh0p xiy17q3 x1xsqp64 x1lkfr7t xexx8yu x4uap5 x18d9i69 xkhd6sd\"><span class=\"xrtxmta x1bhl96m\">\ud83d\udcf2<\/span><\/span> <span class=\"selectable-text copyable-text false\">https:\/\/youtu.be\/DwrkphoIwKo<\/span><\/p>\n<p class=\"selectable-text copyable-text x15bjb6t x1n2onr6\" dir=\"ltr\"><span class=\"x19la9d6 x1fc57z9 x6ikm8r x10wlt62 x19co3pv x1g5zs5t xfibh0p xiy17q3 x1xsqp64 x1lkfr7t xexx8yu x4uap5 x18d9i69 xkhd6sd\"><span class=\"xrtxmta x1bhl96m\">\ud83c\udf10<\/span><\/span><span class=\"x19la9d6 x1fc57z9 x6ikm8r x10wlt62 x19co3pv x1g5zs5t xfibh0p xiy17q3 x1xsqp64 x1lkfr7t xexx8yu x4uap5 x18d9i69 xkhd6sd\"><span class=\"xrtxmta x1bhl96m\">\u2705<\/span><\/span><span class=\"selectable-text copyable-text false\"> S\u00edguenos en nuestra p\u00e1gina verificada: <\/span><span class=\"selectable-text copyable-text false\">https:\/\/www.facebook.com\/lodelmomentolojaEC<\/span><\/p>\n<p class=\"selectable-text copyable-text x15bjb6t x1n2onr6\" dir=\"ltr\"><span class=\"selectable-text copyable-text false\">www.lodelmomentoloja.com<\/span><\/p>\n<p class=\"selectable-text copyable-text x15bjb6t x1n2onr6\" dir=\"ltr\"><span class=\"selectable-text copyable-text false\">#LDMnoticias #lodelmomentolojaLDM<\/span><\/p>\n","protected":false},"excerpt":{"rendered":"<p>\ud83d\udea8\ud83d\ude37\ud83d\udc89 \u00a1Casos confirmados! La tosferina es una enfermedad infecciona que parec\u00eda estar controlado por d\u00e9cadas,&#8230;<\/p>\n","protected":false},"author":1,"featured_media":25781,"comment_status":"open","ping_status":"open","sticky":false,"template":"","format":"standard","meta":{"footnotes":""},"categories":[7,1,5,6],"tags":[],"class_list":["post-25779","post","type-post","status-publish","format-standard","has-post-thumbnail","hentry","category-ecuador","category-inicio","category-loja","category-zamora"],"_links":{"self":[{"href":"https:\/\/www.lodelmomentoloja.com\/index.php?rest_route=\/wp\/v2\/posts\/25779"}],"collection":[{"href":"https:\/\/www.lodelmomentoloja.com\/index.php?rest_route=\/wp\/v2\/posts"}],"about":[{"href":"https:\/\/www.lodelmomentoloja.com\/index.php?rest_route=\/wp\/v2\/types\/post"}],"author":[{"embeddable":true,"href":"https:\/\/www.lodelmomentoloja.com\/index.php?rest_route=\/wp\/v2\/users\/1"}],"replies":[{"embeddable":true,"href":"https:\/\/www.lodelmomentoloja.com\/index.php?rest_route=%2Fwp%2Fv2%2Fcomments&post=25779"}],"version-history":[{"count":1,"href":"https:\/\/www.lodelmomentoloja.com\/index.php?rest_route=\/wp\/v2\/posts\/25779\/revisions"}],"predecessor-version":[{"id":25782,"href":"https:\/\/www.lodelmomentoloja.com\/index.php?rest_route=\/wp\/v2\/posts\/25779\/revisions\/25782"}],"wp:featuredmedia":[{"embeddable":true,"href":"https:\/\/www.lodelmomentoloja.com\/index.php?rest_route=\/wp\/v2\/media\/25781"}],"wp:attachment":[{"href":"https:\/\/www.lodelmomentoloja.com\/index.php?rest_route=%2Fwp%2Fv2%2Fmedia&parent=25779"}],"wp:term":[{"taxonomy":"category","embeddable":true,"href":"https:\/\/www.lodelmomentoloja.com\/index.php?rest_route=%2Fwp%2Fv2%2Fcategories&post=25779"},{"taxonomy":"post_tag","embeddable":true,"href":"https:\/\/www.lodelmomentoloja.com\/index.php?rest_route=%2Fwp%2Fv2%2Ftags&post=25779"}],"curies":[{"name":"wp","href":"https:\/\/api.w.org\/{rel}","templated":true}]}}