{"id":25776,"date":"2025-04-30T10:47:36","date_gmt":"2025-04-30T10:47:36","guid":{"rendered":"https:\/\/www.lodelmomentoloja.com\/?p=25776"},"modified":"2025-04-30T16:49:23","modified_gmt":"2025-04-30T16:49:23","slug":"giro-de-italia-rendira-homenaje-al-papa-francisco-en-su-ultima-etapa","status":"publish","type":"post","link":"https:\/\/www.lodelmomentoloja.com\/?p=25776","title":{"rendered":"GIRO DE ITALIA RENDIR\u00c1 HOMENAJE AL PAPA FRANCISCO EN SU \u00daLTIMA ETAPA"},"content":{"rendered":"<p>\ud83c\uddfb\ud83c\udde6\ud83c\udfdb\ufe0f\u26ea\u00a1En su honor! Una de las competencias m\u00e1s grandes del ciclismo, rendir\u00e1 homenaje al Papa Francisco (+), al realizar la \u00faltima etapa de la competencia, programada para el 01 de junio del 2025, con un recorrido especial que comenzar\u00e1 en la Ciudad del Vaticano y concluir\u00e1 en el hist\u00f3rico Circo M\u00e1ximo, en el coraz\u00f3n de Roma. Esta etapa ser\u00e1 completamente llana y abarcar\u00e1 143 kil\u00f3metros, pasar\u00e1 por los Jardines Vaticanos y atravesar\u00e1 zonas emblem\u00e1ticas de la capital italiana, incluidas calles adoquinadas con los caracter\u00edsticos Sanpietrini, adem\u00e1s de un tramo junto a la costa.<\/p>\n<p>\ud83c\udf10\u2705 S\u00edguenos en nuestra p\u00e1gina verificada: https:\/\/www.facebook.com\/lodelmomentolojaEC<\/p>\n<p>www.lodelmomentoloja.com<br \/>\n<a class=\"x1i10hfl xjbqb8w x1ejq31n xd10rxx x1sy0etr x17r0tee x972fbf xcfux6l x1qhh985 xm0m39n x9f619 x1ypdohk xt0psk2 xe8uvvx xdj266r x11i5rnm xat24cr x1mh8g0r xexx8yu x4uap5 x18d9i69 xkhd6sd x16tdsg8 x1hl2dhg xggy1nq x1a2a7pz  _aa9_ _a6hd\" tabindex=\"0\" role=\"link\" href=\"https:\/\/www.instagram.com\/explore\/tags\/ldmnoticias\/\">#LDMnoticias<\/a>\u00a0<a class=\"x1i10hfl xjbqb8w x1ejq31n xd10rxx x1sy0etr x17r0tee x972fbf xcfux6l x1qhh985 xm0m39n x9f619 x1ypdohk xt0psk2 xe8uvvx xdj266r x11i5rnm xat24cr x1mh8g0r xexx8yu x4uap5 x18d9i69 xkhd6sd x16tdsg8 x1hl2dhg xggy1nq x1a2a7pz  _aa9_ _a6hd\" tabindex=\"0\" role=\"link\" href=\"https:\/\/www.instagram.com\/explore\/tags\/lodelmomentolojaldm\/\">#lodelmomentolojaLDM<\/a><\/p>\n","protected":false},"excerpt":{"rendered":"<p>\ud83c\uddfb\ud83c\udde6\ud83c\udfdb\ufe0f\u26ea\u00a1En su honor! Una de las competencias m\u00e1s grandes del ciclismo, rendir\u00e1 homenaje al Papa&#8230;<\/p>\n","protected":false},"author":1,"featured_media":25777,"comment_status":"open","ping_status":"open","sticky":false,"template":"","format":"standard","meta":{"footnotes":""},"categories":[7,1,5],"tags":[],"class_list":["post-25776","post","type-post","status-publish","format-standard","has-post-thumbnail","hentry","category-ecuador","category-inicio","category-loja"],"_links":{"self":[{"href":"https:\/\/www.lodelmomentoloja.com\/index.php?rest_route=\/wp\/v2\/posts\/25776"}],"collection":[{"href":"https:\/\/www.lodelmomentoloja.com\/index.php?rest_route=\/wp\/v2\/posts"}],"about":[{"href":"https:\/\/www.lodelmomentoloja.com\/index.php?rest_route=\/wp\/v2\/types\/post"}],"author":[{"embeddable":true,"href":"https:\/\/www.lodelmomentoloja.com\/index.php?rest_route=\/wp\/v2\/users\/1"}],"replies":[{"embeddable":true,"href":"https:\/\/www.lodelmomentoloja.com\/index.php?rest_route=%2Fwp%2Fv2%2Fcomments&post=25776"}],"version-history":[{"count":1,"href":"https:\/\/www.lodelmomentoloja.com\/index.php?rest_route=\/wp\/v2\/posts\/25776\/revisions"}],"predecessor-version":[{"id":25778,"href":"https:\/\/www.lodelmomentoloja.com\/index.php?rest_route=\/wp\/v2\/posts\/25776\/revisions\/25778"}],"wp:featuredmedia":[{"embeddable":true,"href":"https:\/\/www.lodelmomentoloja.com\/index.php?rest_route=\/wp\/v2\/media\/25777"}],"wp:attachment":[{"href":"https:\/\/www.lodelmomentoloja.com\/index.php?rest_route=%2Fwp%2Fv2%2Fmedia&parent=25776"}],"wp:term":[{"taxonomy":"category","embeddable":true,"href":"https:\/\/www.lodelmomentoloja.com\/index.php?rest_route=%2Fwp%2Fv2%2Fcategories&post=25776"},{"taxonomy":"post_tag","embeddable":true,"href":"https:\/\/www.lodelmomentoloja.com\/index.php?rest_route=%2Fwp%2Fv2%2Ftags&post=25776"}],"curies":[{"name":"wp","href":"https:\/\/api.w.org\/{rel}","templated":true}]}}