{"id":25773,"date":"2025-04-30T10:47:29","date_gmt":"2025-04-30T10:47:29","guid":{"rendered":"https:\/\/www.lodelmomentoloja.com\/?p=25773"},"modified":"2025-04-30T15:50:36","modified_gmt":"2025-04-30T15:50:36","slug":"ministros-de-ecuador-visitan-la-mega-carcel-de-el-salvador","status":"publish","type":"post","link":"https:\/\/www.lodelmomentoloja.com\/?p=25773","title":{"rendered":"MINISTROS DE ECUADOR VISITAN LA MEGA C\u00c1RCEL DE EL SALVADOR"},"content":{"rendered":"<p>\ud83d\ude31\ud83d\udea8\ud83c\uddf8\ud83c\uddfb\u00a1C\u00e1rcel ejemplar! El Ministerio de Defensa de Ecuador inform\u00f3 este mi\u00e9rcoles 30 de abril del 2025 que los ministros de Defensa, Gian Carlos Loffredo; y del Interior, John Reinberg, visitaron el &#8220;centro carcelario m\u00e1s avanzado y seguro de Latinoam\u00e9rica&#8221; ubicado en El Salvador, se trata de un Centro de Confinamiento del Terrorismo (CECOT), que es parte del plan de seguridad del presidente Bukele.<\/p>\n<p>Desde el Min. de Defensa se destac\u00f3 las caracter\u00edsticas de este centro carcelario, por ejemplo, habl\u00f3 de su ubicaci\u00f3n estrat\u00e9gica lejos de la zona urbana. Adem\u00e1s, indic\u00f3 que en el centro se realizan controles militares de aproximaci\u00f3n en el per\u00edmetro externo. Mientras que para controlar el per\u00edmetro interno de la c\u00e1rcel se realiza un trabajo conjunto entre Fuerzas Armadas, Polic\u00eda Nacional y personal penitenciario para el control del per\u00edmetro interno.<\/p>\n<p>\ud83c\udf10\u2705 S\u00edguenos en nuestra p\u00e1gina verificada: https:\/\/www.facebook.com\/lodelmomentolojaEC<\/p>\n<p>www.lodelmomentoloja.com<br \/>\n<a class=\"x1i10hfl xjbqb8w x1ejq31n xd10rxx x1sy0etr x17r0tee x972fbf xcfux6l x1qhh985 xm0m39n x9f619 x1ypdohk xt0psk2 xe8uvvx xdj266r x11i5rnm xat24cr x1mh8g0r xexx8yu x4uap5 x18d9i69 xkhd6sd x16tdsg8 x1hl2dhg xggy1nq x1a2a7pz  _aa9_ _a6hd\" tabindex=\"0\" role=\"link\" href=\"https:\/\/www.instagram.com\/explore\/tags\/ldmnoticias\/\">#LDMnoticias<\/a>\u00a0<a class=\"x1i10hfl xjbqb8w x1ejq31n xd10rxx x1sy0etr x17r0tee x972fbf xcfux6l x1qhh985 xm0m39n x9f619 x1ypdohk xt0psk2 xe8uvvx xdj266r x11i5rnm xat24cr x1mh8g0r xexx8yu x4uap5 x18d9i69 xkhd6sd x16tdsg8 x1hl2dhg xggy1nq x1a2a7pz  _aa9_ _a6hd\" tabindex=\"0\" role=\"link\" href=\"https:\/\/www.instagram.com\/explore\/tags\/lodelmomentolojaldm\/\">#lodelmomentolojaLDM<\/a><\/p>\n","protected":false},"excerpt":{"rendered":"<p>\ud83d\ude31\ud83d\udea8\ud83c\uddf8\ud83c\uddfb\u00a1C\u00e1rcel ejemplar! El Ministerio de Defensa de Ecuador inform\u00f3 este mi\u00e9rcoles 30 de abril del&#8230;<\/p>\n","protected":false},"author":1,"featured_media":25774,"comment_status":"open","ping_status":"open","sticky":false,"template":"","format":"standard","meta":{"footnotes":""},"categories":[7,1,4],"tags":[],"class_list":["post-25773","post","type-post","status-publish","format-standard","has-post-thumbnail","hentry","category-ecuador","category-inicio","category-internacional"],"_links":{"self":[{"href":"https:\/\/www.lodelmomentoloja.com\/index.php?rest_route=\/wp\/v2\/posts\/25773"}],"collection":[{"href":"https:\/\/www.lodelmomentoloja.com\/index.php?rest_route=\/wp\/v2\/posts"}],"about":[{"href":"https:\/\/www.lodelmomentoloja.com\/index.php?rest_route=\/wp\/v2\/types\/post"}],"author":[{"embeddable":true,"href":"https:\/\/www.lodelmomentoloja.com\/index.php?rest_route=\/wp\/v2\/users\/1"}],"replies":[{"embeddable":true,"href":"https:\/\/www.lodelmomentoloja.com\/index.php?rest_route=%2Fwp%2Fv2%2Fcomments&post=25773"}],"version-history":[{"count":1,"href":"https:\/\/www.lodelmomentoloja.com\/index.php?rest_route=\/wp\/v2\/posts\/25773\/revisions"}],"predecessor-version":[{"id":25775,"href":"https:\/\/www.lodelmomentoloja.com\/index.php?rest_route=\/wp\/v2\/posts\/25773\/revisions\/25775"}],"wp:featuredmedia":[{"embeddable":true,"href":"https:\/\/www.lodelmomentoloja.com\/index.php?rest_route=\/wp\/v2\/media\/25774"}],"wp:attachment":[{"href":"https:\/\/www.lodelmomentoloja.com\/index.php?rest_route=%2Fwp%2Fv2%2Fmedia&parent=25773"}],"wp:term":[{"taxonomy":"category","embeddable":true,"href":"https:\/\/www.lodelmomentoloja.com\/index.php?rest_route=%2Fwp%2Fv2%2Fcategories&post=25773"},{"taxonomy":"post_tag","embeddable":true,"href":"https:\/\/www.lodelmomentoloja.com\/index.php?rest_route=%2Fwp%2Fv2%2Ftags&post=25773"}],"curies":[{"name":"wp","href":"https:\/\/api.w.org\/{rel}","templated":true}]}}