{"id":2576,"date":"2021-02-19T10:30:47","date_gmt":"2021-02-19T10:30:47","guid":{"rendered":"http:\/\/www.lodelmomentoloja.com\/?p=2576"},"modified":"2021-02-19T15:59:36","modified_gmt":"2021-02-19T15:59:36","slug":"ecuador-verifica-pide-disculpas-al-medio-digital-lo-del-momento-loja","status":"publish","type":"post","link":"https:\/\/www.lodelmomentoloja.com\/?p=2576","title":{"rendered":"ECUADOR VERIFICA PIDE DISCULPAS AL MEDIO DIGITAL &#8220;LO DEL MOMENTO LOJA&#8221;"},"content":{"rendered":"<p>El martes 16 de febrero, mediante una publicaci\u00f3n en la plataforma denominada <em>Ecuador Verifica<\/em> realizaron una nota titulada &#8220;Revelan las cuentas que m\u00e1s desinforman en el Ecuador&#8221; un hecho err\u00f3neo que gener\u00f3 confusi\u00f3n en los ciudadanos, ya que se incluye al medio de comunicaci\u00f3n lojano LO DEL MOMENTO LOJA, que est\u00e1 debidamente registrado en el catastro a cargo del Consejo de Regulaci\u00f3n, Desarrollo y Promoci\u00f3n de la Informaci\u00f3n y Comunicaci\u00f3n del Ecuador.<\/p>\n<p>Esta informaci\u00f3n, se hizo eco la Revista Vistazo en sus redes sociales y edici\u00f3n digital, un hecho que gener\u00f3 m\u00e1s confusi\u00f3n, pues el medio Ecotel Tv en el noticiero de Ramiro Cueva, tambi\u00e9n cay\u00f3 en el error sin contrastar la informaci\u00f3n pese a estar a varias cuadras de LDM (centro de la ciudad de Loja); y a\u00f1adido a ello, p\u00e1ginas troles que hacen replica constante de la desinformaci\u00f3n.<\/p>\n<p>Por su lado, John Lafebre como Gerente de LDM, realiz\u00f3 las debidas indagaciones para que las plataformas responsable de la publicaci\u00f3n puedan remediar el da\u00f1o causado a la imagen de un medio que lleva vigente ocho a\u00f1os desde su creaci\u00f3n y pese a las largas horas sin tener respuesta, finalmente asumieron su error al enviar un comunicado de rectificaci\u00f3n (solo en la web) y no en las redes sociales, donde lo hicieron\u00a0 con tanto \u00e9nfasis. &#8220;<em>Solo en Ecuador pasa esto, una plataforma que verifica saca una informaci\u00f3n sin verificar, ya pueden imaginarse como est\u00e1n las cosas. Me parece una irresponsabilidad, en el mismo error cae Revista Vistazo y hasta la presente no han rectificado, ahora con la justificaci\u00f3n de que no hicieron la informaci\u00f3n creen que pueden justificar todo el da\u00f1o que generan<\/em>&#8221; recalc\u00f3 Lafebre ante lo ocurrido.<\/p>\n<p>&nbsp;<\/p>\n<p><a href=\"https:\/\/ecuadorverifica.org\/2021\/02\/18\/rectificacion\/\">Link de la disculpa: https:\/\/bit.ly\/3pC8FZp\u00a0\u00a0<img loading=\"lazy\" decoding=\"async\" class=\"wp-image-2577 alignleft\" src=\"http:\/\/www.lodelmomentoloja.com\/wp-content\/uploads\/2021\/02\/ERTGYHUJK-1024x593.jpg\" alt=\"\" width=\"581\" height=\"336\" srcset=\"https:\/\/www.lodelmomentoloja.com\/wp-content\/uploads\/2021\/02\/ERTGYHUJK-1024x593.jpg 1024w, https:\/\/www.lodelmomentoloja.com\/wp-content\/uploads\/2021\/02\/ERTGYHUJK-300x174.jpg 300w, https:\/\/www.lodelmomentoloja.com\/wp-content\/uploads\/2021\/02\/ERTGYHUJK-768x444.jpg 768w, https:\/\/www.lodelmomentoloja.com\/wp-content\/uploads\/2021\/02\/ERTGYHUJK-640x370.jpg 640w, https:\/\/www.lodelmomentoloja.com\/wp-content\/uploads\/2021\/02\/ERTGYHUJK-1536x889.jpg 1536w, https:\/\/www.lodelmomentoloja.com\/wp-content\/uploads\/2021\/02\/ERTGYHUJK.jpg 1752w\" sizes=\"(max-width: 581px) 100vw, 581px\" \/><\/a><\/p>\n<p>El d\u00eda de ayer, 18 de febrero 2021, el portal Ecuador Verifica ha procedido a exponer sus disculpas p\u00fablicas sobre el incidente generado.<\/p>\n<p>&nbsp;<\/p>\n<p>Hasta la presente nota,<em> estos son los resultados: <\/em><\/p>\n<p>&nbsp;<\/p>\n<ul>\n<li>Ecuador Verifica a pedido disculpas p\u00fablicas.<\/li>\n<li>la Revista Vistazo no ha contestado el oficio de rectificaci\u00f3n.<\/li>\n<li>Ecotel Tv tampoco se ha pronunciado pese a ser enviado al contacto personal la informaci\u00f3n.<\/li>\n<\/ul>\n<p>&nbsp;<\/p>\n<p>.<\/p>\n<p><strong>Lo del Momento Loja como medio de comunicaci\u00f3n<\/strong>, seguimos ratificando el compromiso de informar con responsabilidad a la ciudadan\u00eda y con esto, dejar toda sombra de duda que se generan por malos entendidos que cometen acciones err\u00f3neas.<\/p>\n","protected":false},"excerpt":{"rendered":"<p>El martes 16 de febrero, mediante una publicaci\u00f3n en la plataforma denominada Ecuador Verifica realizaron&#8230;<\/p>\n","protected":false},"author":1,"featured_media":2587,"comment_status":"open","ping_status":"open","sticky":false,"template":"","format":"standard","meta":{"footnotes":""},"categories":[1],"tags":[],"class_list":["post-2576","post","type-post","status-publish","format-standard","has-post-thumbnail","hentry","category-inicio"],"_links":{"self":[{"href":"https:\/\/www.lodelmomentoloja.com\/index.php?rest_route=\/wp\/v2\/posts\/2576"}],"collection":[{"href":"https:\/\/www.lodelmomentoloja.com\/index.php?rest_route=\/wp\/v2\/posts"}],"about":[{"href":"https:\/\/www.lodelmomentoloja.com\/index.php?rest_route=\/wp\/v2\/types\/post"}],"author":[{"embeddable":true,"href":"https:\/\/www.lodelmomentoloja.com\/index.php?rest_route=\/wp\/v2\/users\/1"}],"replies":[{"embeddable":true,"href":"https:\/\/www.lodelmomentoloja.com\/index.php?rest_route=%2Fwp%2Fv2%2Fcomments&post=2576"}],"version-history":[{"count":3,"href":"https:\/\/www.lodelmomentoloja.com\/index.php?rest_route=\/wp\/v2\/posts\/2576\/revisions"}],"predecessor-version":[{"id":2581,"href":"https:\/\/www.lodelmomentoloja.com\/index.php?rest_route=\/wp\/v2\/posts\/2576\/revisions\/2581"}],"wp:featuredmedia":[{"embeddable":true,"href":"https:\/\/www.lodelmomentoloja.com\/index.php?rest_route=\/wp\/v2\/media\/2587"}],"wp:attachment":[{"href":"https:\/\/www.lodelmomentoloja.com\/index.php?rest_route=%2Fwp%2Fv2%2Fmedia&parent=2576"}],"wp:term":[{"taxonomy":"category","embeddable":true,"href":"https:\/\/www.lodelmomentoloja.com\/index.php?rest_route=%2Fwp%2Fv2%2Fcategories&post=2576"},{"taxonomy":"post_tag","embeddable":true,"href":"https:\/\/www.lodelmomentoloja.com\/index.php?rest_route=%2Fwp%2Fv2%2Ftags&post=2576"}],"curies":[{"name":"wp","href":"https:\/\/api.w.org\/{rel}","templated":true}]}}