{"id":25752,"date":"2025-04-29T14:40:26","date_gmt":"2025-04-29T14:40:26","guid":{"rendered":"https:\/\/www.lodelmomentoloja.com\/?p=25752"},"modified":"2025-04-29T20:02:17","modified_gmt":"2025-04-29T20:02:17","slug":"nuevas-revelaciones-en-caso-malvinas","status":"publish","type":"post","link":"https:\/\/www.lodelmomentoloja.com\/?p=25752","title":{"rendered":"NUEVAS REVELACIONES EN CASO MALVINAS"},"content":{"rendered":"<p>\ud83d\ude31\ud83e\ude78\ud83e\ude96\u00a1De no creer! Por casi ocho horas, entre la noche del domingo 27 y la madrugada del lunes 28 de abril de 2025, se desarroll\u00f3 una segunda reconstrucci\u00f3n de hechos en el caso de Las Malvinas de Guayaquil, relacionado con la presunta des4p4r1ci\u00f3n forzada y el vil 4s3s1n4to de cuatro menores de edad en diciembre de 2024.\u00a0La diligencia, revel\u00f3 nuevas versiones que comprometen a\u00fan m\u00e1s a los 16 militares de la Fuerza A\u00e9rea Ecuatoriana (FAE) procesados en esta causa, incluyendo que los menores tuvieron que\u00a0soportar corr34zos, p4t4d4s, g0lp3s, pv\u00f1et4z0s, pis0t4das en el suelo, la aplicaci\u00f3n de llaves de lucha y la d3ton4ci\u00f3n de un d1sp4ro a pocos cent\u00edmetros, seg\u00fan la nueva diligencia.<\/p>\n<p>Adem\u00e1s uno de los militares imputados, acogido a un mecanismo de cooperaci\u00f3n eficaz, acus\u00f3 directamente a un suboficial (un cabo) de l4nz4r de c4beza a dos de los adolescentes desde el balde de una camioneta, 4br1\u00e9ndole la c4beza a uno de ellos.<\/p>\n<p>\ud83c\udf10\u2705 S\u00edguenos en nuestra p\u00e1gina verificada: https:\/\/www.facebook.com\/lodelmomentolojaEC<\/p>\n<p>www.lodelmomentoloja.com<br \/>\n<a class=\"x1i10hfl xjbqb8w x1ejq31n xd10rxx x1sy0etr x17r0tee x972fbf xcfux6l x1qhh985 xm0m39n x9f619 x1ypdohk xt0psk2 xe8uvvx xdj266r x11i5rnm xat24cr x1mh8g0r xexx8yu x4uap5 x18d9i69 xkhd6sd x16tdsg8 x1hl2dhg xggy1nq x1a2a7pz  _aa9_ _a6hd\" tabindex=\"0\" role=\"link\" href=\"https:\/\/www.instagram.com\/explore\/tags\/ldmnoticias\/\">#LDMnoticias<\/a>\u00a0<a class=\"x1i10hfl xjbqb8w x1ejq31n xd10rxx x1sy0etr x17r0tee x972fbf xcfux6l x1qhh985 xm0m39n x9f619 x1ypdohk xt0psk2 xe8uvvx xdj266r x11i5rnm xat24cr x1mh8g0r xexx8yu x4uap5 x18d9i69 xkhd6sd x16tdsg8 x1hl2dhg xggy1nq x1a2a7pz  _aa9_ _a6hd\" tabindex=\"0\" role=\"link\" href=\"https:\/\/www.instagram.com\/explore\/tags\/lodelmomentolojaldm\/\">#lodelmomentolojaLDM<\/a><\/p>\n","protected":false},"excerpt":{"rendered":"<p>\ud83d\ude31\ud83e\ude78\ud83e\ude96\u00a1De no creer! Por casi ocho horas, entre la noche del domingo 27 y la&#8230;<\/p>\n","protected":false},"author":1,"featured_media":25753,"comment_status":"open","ping_status":"open","sticky":false,"template":"","format":"standard","meta":{"footnotes":""},"categories":[7,1,5],"tags":[],"class_list":["post-25752","post","type-post","status-publish","format-standard","has-post-thumbnail","hentry","category-ecuador","category-inicio","category-loja"],"_links":{"self":[{"href":"https:\/\/www.lodelmomentoloja.com\/index.php?rest_route=\/wp\/v2\/posts\/25752"}],"collection":[{"href":"https:\/\/www.lodelmomentoloja.com\/index.php?rest_route=\/wp\/v2\/posts"}],"about":[{"href":"https:\/\/www.lodelmomentoloja.com\/index.php?rest_route=\/wp\/v2\/types\/post"}],"author":[{"embeddable":true,"href":"https:\/\/www.lodelmomentoloja.com\/index.php?rest_route=\/wp\/v2\/users\/1"}],"replies":[{"embeddable":true,"href":"https:\/\/www.lodelmomentoloja.com\/index.php?rest_route=%2Fwp%2Fv2%2Fcomments&post=25752"}],"version-history":[{"count":1,"href":"https:\/\/www.lodelmomentoloja.com\/index.php?rest_route=\/wp\/v2\/posts\/25752\/revisions"}],"predecessor-version":[{"id":25754,"href":"https:\/\/www.lodelmomentoloja.com\/index.php?rest_route=\/wp\/v2\/posts\/25752\/revisions\/25754"}],"wp:featuredmedia":[{"embeddable":true,"href":"https:\/\/www.lodelmomentoloja.com\/index.php?rest_route=\/wp\/v2\/media\/25753"}],"wp:attachment":[{"href":"https:\/\/www.lodelmomentoloja.com\/index.php?rest_route=%2Fwp%2Fv2%2Fmedia&parent=25752"}],"wp:term":[{"taxonomy":"category","embeddable":true,"href":"https:\/\/www.lodelmomentoloja.com\/index.php?rest_route=%2Fwp%2Fv2%2Fcategories&post=25752"},{"taxonomy":"post_tag","embeddable":true,"href":"https:\/\/www.lodelmomentoloja.com\/index.php?rest_route=%2Fwp%2Fv2%2Ftags&post=25752"}],"curies":[{"name":"wp","href":"https:\/\/api.w.org\/{rel}","templated":true}]}}