{"id":25741,"date":"2025-04-29T10:34:12","date_gmt":"2025-04-29T10:34:12","guid":{"rendered":"https:\/\/www.lodelmomentoloja.com\/?p=25741"},"modified":"2025-04-29T15:36:14","modified_gmt":"2025-04-29T15:36:14","slug":"suben-casos-de-fiebre-amarilla-en-ecuador","status":"publish","type":"post","link":"https:\/\/www.lodelmomentoloja.com\/?p=25741","title":{"rendered":"SUBEN CASOS DE FIEBRE AMARILLA EN ECUADOR"},"content":{"rendered":"<p>\ud83d\ude31\ud83d\udea8\ud83e\udd9f\u00a1A tener cuidado! El ministro de Salud P\u00fablica, Edgar Lama, anunci\u00f3 que los casos confirmados de Fiebre Amarilla (FA) ascienden a tres en territorio nacional. Un cuarto caso en investigaci\u00f3n, dio negativo para FA. La noticia fue mencionada durante el evento de lanzamiento de la Semana de Vacunaci\u00f3n de las Am\u00e9ricas 2025 desarrollado en la Unidad Educativa Manuela Ca\u00f1izares, en Quito.<\/p>\n<p>El pasado 24 de abril, esta cartera de Estado anunci\u00f3 el primer caso en la provincia de Zamora Chinchipe que, en primera instancia, dio positivo para dengue. Ante la permanencia de la enfermedad se ejecutaron acciones de investigaci\u00f3n cl\u00ednica y epidemiol\u00f3gica rigurosa que determinaron fiebre amarilla.<\/p>\n<p>\ud83c\udf10\u2705 S\u00edguenos en nuestra p\u00e1gina verificada: https:\/\/www.facebook.com\/lodelmomentolojaEC<\/p>\n<p>www.lodelmomentoloja.com<br \/>\n<a class=\"x1i10hfl xjbqb8w x1ejq31n xd10rxx x1sy0etr x17r0tee x972fbf xcfux6l x1qhh985 xm0m39n x9f619 x1ypdohk xt0psk2 xe8uvvx xdj266r x11i5rnm xat24cr x1mh8g0r xexx8yu x4uap5 x18d9i69 xkhd6sd x16tdsg8 x1hl2dhg xggy1nq x1a2a7pz  _aa9_ _a6hd\" tabindex=\"0\" role=\"link\" href=\"https:\/\/www.instagram.com\/explore\/tags\/ldmnoticias\/\">#LDMnoticias<\/a>\u00a0<a class=\"x1i10hfl xjbqb8w x1ejq31n xd10rxx x1sy0etr x17r0tee x972fbf xcfux6l x1qhh985 xm0m39n x9f619 x1ypdohk xt0psk2 xe8uvvx xdj266r x11i5rnm xat24cr x1mh8g0r xexx8yu x4uap5 x18d9i69 xkhd6sd x16tdsg8 x1hl2dhg xggy1nq x1a2a7pz  _aa9_ _a6hd\" tabindex=\"0\" role=\"link\" href=\"https:\/\/www.instagram.com\/explore\/tags\/lodelmomentolojaldm\/\">#lodelmomentolojaLDM<\/a><\/p>\n","protected":false},"excerpt":{"rendered":"<p>\ud83d\ude31\ud83d\udea8\ud83e\udd9f\u00a1A tener cuidado! El ministro de Salud P\u00fablica, Edgar Lama, anunci\u00f3 que los casos confirmados&#8230;<\/p>\n","protected":false},"author":1,"featured_media":25743,"comment_status":"open","ping_status":"open","sticky":false,"template":"","format":"standard","meta":{"footnotes":""},"categories":[7,1,5],"tags":[],"class_list":["post-25741","post","type-post","status-publish","format-standard","has-post-thumbnail","hentry","category-ecuador","category-inicio","category-loja"],"_links":{"self":[{"href":"https:\/\/www.lodelmomentoloja.com\/index.php?rest_route=\/wp\/v2\/posts\/25741"}],"collection":[{"href":"https:\/\/www.lodelmomentoloja.com\/index.php?rest_route=\/wp\/v2\/posts"}],"about":[{"href":"https:\/\/www.lodelmomentoloja.com\/index.php?rest_route=\/wp\/v2\/types\/post"}],"author":[{"embeddable":true,"href":"https:\/\/www.lodelmomentoloja.com\/index.php?rest_route=\/wp\/v2\/users\/1"}],"replies":[{"embeddable":true,"href":"https:\/\/www.lodelmomentoloja.com\/index.php?rest_route=%2Fwp%2Fv2%2Fcomments&post=25741"}],"version-history":[{"count":1,"href":"https:\/\/www.lodelmomentoloja.com\/index.php?rest_route=\/wp\/v2\/posts\/25741\/revisions"}],"predecessor-version":[{"id":25744,"href":"https:\/\/www.lodelmomentoloja.com\/index.php?rest_route=\/wp\/v2\/posts\/25741\/revisions\/25744"}],"wp:featuredmedia":[{"embeddable":true,"href":"https:\/\/www.lodelmomentoloja.com\/index.php?rest_route=\/wp\/v2\/media\/25743"}],"wp:attachment":[{"href":"https:\/\/www.lodelmomentoloja.com\/index.php?rest_route=%2Fwp%2Fv2%2Fmedia&parent=25741"}],"wp:term":[{"taxonomy":"category","embeddable":true,"href":"https:\/\/www.lodelmomentoloja.com\/index.php?rest_route=%2Fwp%2Fv2%2Fcategories&post=25741"},{"taxonomy":"post_tag","embeddable":true,"href":"https:\/\/www.lodelmomentoloja.com\/index.php?rest_route=%2Fwp%2Fv2%2Ftags&post=25741"}],"curies":[{"name":"wp","href":"https:\/\/api.w.org\/{rel}","templated":true}]}}