{"id":25730,"date":"2025-04-28T17:49:15","date_gmt":"2025-04-28T17:49:15","guid":{"rendered":"https:\/\/www.lodelmomentoloja.com\/?p=25730"},"modified":"2025-04-28T22:57:10","modified_gmt":"2025-04-28T22:57:10","slug":"funcionario-de-confianza-del-prefecto-mancino-demanda-al-periodista-john-s-lafebre-por-medio-millon-de-dolares","status":"publish","type":"post","link":"https:\/\/www.lodelmomentoloja.com\/?p=25730","title":{"rendered":"FUNCIONARIO DE CONFIANZA DEL PREFECTO MANCINO DEMANDA AL PERIODISTA JOHN S. LAFEBRE POR MEDIO MILLON DE D\u00d3LARES."},"content":{"rendered":"<p><em>Jos\u00e9 Ignacio E. Funcionario del Prefecto de Loja Mario Mancino, fue grabado pidiendo un porcentaje de un contrato que aparentemente seria destinado a la autoridad, al no progresar el pedido de informaci\u00f3n mediante FGE para obtener la fuente, procedi\u00f3 a demandar a John S. Lafebre por medio mill\u00f3n de d\u00f3lares por supuesto da\u00f1o moral.<\/em><\/p>\n<p>El periodista de investigaci\u00f3n John S. Lafebre mediante el medio digital LO DEL MOMENTO LOJA durante varios meses del a\u00f1o 2024 ven\u00eda dando seguimiento a un tema particular que involucraba a Jos\u00e9 Ignacio E. hombre de confianza pol\u00edtica del Prefecto de Loja, una vez culminado el caso, se expuso una trama de aparente corrupci\u00f3n denominado \u201cEL NACHO\u201d donde mediante un audio se expone una conversaci\u00f3n y una peculiar forma de exigir contribuciones mediante porcentajes relacionados en temas contrataci\u00f3n. Por lo que de manera documental, con testigos, recopilaciones pertinentes y la debida contrastaci\u00f3n es como se expone dicho tema en dos reportajes period\u00edsticos de investigaci\u00f3n.<\/p>\n<p><img loading=\"lazy\" decoding=\"async\" class=\" wp-image-25731 alignleft\" src=\"http:\/\/www.lodelmomentoloja.com\/wp-content\/uploads\/2025\/04\/WhatsApp-Image-2025-04-28-at-5.50.16-PM-1-271x300.jpeg\" alt=\"\" width=\"268\" height=\"296\" srcset=\"https:\/\/www.lodelmomentoloja.com\/wp-content\/uploads\/2025\/04\/WhatsApp-Image-2025-04-28-at-5.50.16-PM-1-271x300.jpeg 271w, https:\/\/www.lodelmomentoloja.com\/wp-content\/uploads\/2025\/04\/WhatsApp-Image-2025-04-28-at-5.50.16-PM-1.jpeg 571w\" sizes=\"(max-width: 268px) 100vw, 268px\" \/><\/p>\n<p>Con fecha 26 de septiembre del 2024, el actual prefecto pone a conocimiento de todo el equipo de la Prefectura de Loja, como pone a conocimiento como le otorga los poderes al Coordinador General de la Prefectura en procesos de contrataci\u00f3n de bienes, servicio, personal, autorizaciones y salidas, entre otros,\u00a0 documento al que se accedi\u00f3, sin embargo, un d\u00eda antes, el mismo funcionario fue captado saliendo de un restaurante reconocido de Loja un 25 de septiembre con algunos contratistas, es decir, un d\u00eda antes de que se le asignen estas responsabilidades, este quedo registrado y expuesto en el caso investigado por LO DEL MOMENTO LOJA.<\/p>\n<p>&nbsp;<\/p>\n<p>&nbsp;<\/p>\n<p>Acciones que desde la misma entidad fueron nuevamente otorgadas mediante <strong>RESOLUCI\u00d3N NRO. PR-MJMV-01-2024 para el periodo del a\u00f1o 2024.<\/strong><\/p>\n<p>&nbsp;<\/p>\n<p>&nbsp;<\/p>\n<p><strong><em>CASO 1.<\/em><\/strong><\/p>\n<p><em>A finales de agosto 2024, LDM lanza el \u201cCASO EL NACHO\u201d, una trama de aparente corrupci\u00f3n en la que un contratista expone una conversaci\u00f3n en la que, Jos\u00e9 Ignacio E. actual hombre de confianza y Coordinador General de la Prefectura de Loja, fue grabado pidiendo 7% del porcentaje de un contrato que ir\u00eda para \u201cMario\u201d, se busc\u00f3 la versi\u00f3n por parte de la entidad y no quisieron dar pronunciamiento del caso, catalogando como un tema m\u00e1s del involucrado, es decir, deslind\u00e1ndose de sus acciones.<\/em><\/p>\n<p><strong><em>REPORTAJE:<\/em><\/strong><em>\u00a0 \u00a0<a href=\"https:\/\/www.facebook.com\/watch\/?v=386715914473095\">https:\/\/www.facebook.com\/watch\/?v=386715914473095<\/a><\/em><\/p>\n<p><em>Fecha: 09 de septiembre 2024.<\/p>\n<p><\/em><\/p>\n<p>&nbsp;<\/p>\n<p><strong><em>CASO 2.<\/em><\/strong><\/p>\n<p><em>Los esc\u00e1ndalos alrededor del mismo funcionario continuaban y esta vez, mediante la empresa p\u00fablica de la Prefectura VIALSUR, cuando un contratista denuncia aparentes irregularidades al momento de cobrar sus honorarios, acto que fue evidenciado en una nueva cobertura period\u00edstica y nuevamente se buscaba la versi\u00f3n del involucrado, pero no se dieron mayores justificaciones. <\/em><\/p>\n<p><strong><em>REPORTAJE:<\/em><\/strong><em>\u00a0 \u00a0<a href=\"https:\/\/www.facebook.com\/watch\/?v=1046847156756342\">https:\/\/www.facebook.com\/watch\/?v=1046847156756342<\/a><\/em><\/p>\n<p><em>Fecha: 07 de octubre 2024.<\/em><\/p>\n<p><em>\u00a0<\/em><\/p>\n<p>Pese a <strong>los intentos de pedir informaci\u00f3n<\/strong> mediante la Fiscal\u00eda General del Estado <strong>de los involucrados<\/strong> en el caso \u201cEL NACHO\u201d, las acciones de los protagonistas Jos\u00e9 Ignacio E. y su abogado no dieron frutos <strong>por lo que fue archivado el pedido de informaci\u00f3n<\/strong>, luego de fallar en su intenci\u00f3n, tuvo que recurrir a imponer una acci\u00f3n penal que busca obtener beneficios por intermedio del periodismo.<\/p>\n<p>En la parte medular, Jos\u00e9 Ignacio E. junto a su abogado exigen al periodista John S. Lafebre y el medio digital LO DEL MOMENTO LOJA lo siguiente:<\/p>\n<ul>\n<li>Indemnizaci\u00f3n por da\u00f1o moral causado al compareciente, de una suma no menor <strong>a Quinientos mil 00\/100 d\u00f3lares de los Estados Unidos de Am\u00e9rica. (medio mill\u00f3n)<\/strong><\/li>\n<li>Realizar las correspondientes <strong>disculpas p\u00fablicas<\/strong> en el mismo medio de comunicaci\u00f3n social; con el mismo espacio; y, <strong>por tres d\u00edas diferentes<\/strong> por el ejercicio irresponsable del periodismo.<\/li>\n<li><strong>Pago de las costas procesales<\/strong> <strong>en<\/strong> las que se incluir\u00e1n <strong>los honorarios de la defensa<\/strong>, por hacernos litigar para resarcir la vulneraci\u00f3n de derechos.<\/li>\n<\/ul>\n<p><strong>Captura de parte medular de la demanda:<\/strong><\/p>\n<p><img loading=\"lazy\" decoding=\"async\" class=\"alignnone  wp-image-25733\" src=\"http:\/\/www.lodelmomentoloja.com\/wp-content\/uploads\/2025\/04\/WhatsApp-Image-2025-04-28-at-5.50.36-PM-223x300.jpeg\" alt=\"\" width=\"318\" height=\"428\" srcset=\"https:\/\/www.lodelmomentoloja.com\/wp-content\/uploads\/2025\/04\/WhatsApp-Image-2025-04-28-at-5.50.36-PM-223x300.jpeg 223w, https:\/\/www.lodelmomentoloja.com\/wp-content\/uploads\/2025\/04\/WhatsApp-Image-2025-04-28-at-5.50.36-PM-761x1024.jpeg 761w, https:\/\/www.lodelmomentoloja.com\/wp-content\/uploads\/2025\/04\/WhatsApp-Image-2025-04-28-at-5.50.36-PM-768x1034.jpeg 768w, https:\/\/www.lodelmomentoloja.com\/wp-content\/uploads\/2025\/04\/WhatsApp-Image-2025-04-28-at-5.50.36-PM-640x862.jpeg 640w, https:\/\/www.lodelmomentoloja.com\/wp-content\/uploads\/2025\/04\/WhatsApp-Image-2025-04-28-at-5.50.36-PM.jpeg 921w\" sizes=\"(max-width: 318px) 100vw, 318px\" \/><\/p>\n<p>&nbsp;<\/p>\n<p><strong>Por parte del periodista John S. Lafebre<\/strong>, ha preferido mantenerse al margen del tema, dejando que su abogado defensor proceda con la debida respuesta de este atentado a la libertad de expresi\u00f3n, resaltando que su labor lleva siendo incomodo a una agrupaci\u00f3n pol\u00edtica que ha estado al frente del sector p\u00fablico en los \u00faltimos a\u00f1os, pero aprovecho para mandar un mensaje claro \u201c<em>Si no es por un lado, es por otro, esta vez buscan hacer plata a costillas del periodismo y por eso nos han demandado pidiendo medio mill\u00f3n de d\u00f3lares, estamos con la consciencia tranquila de estar y hacer las cosas del lado correcto de la historia por eso nuestros abogados sabr\u00e1n contestar. Lamentablemente, estos temas conllevan tiempo y sobre todo de recursos, jam\u00e1s nos van a doblegar\u201d.<\/em><\/p>\n","protected":false},"excerpt":{"rendered":"<p>Jos\u00e9 Ignacio E. Funcionario del Prefecto de Loja Mario Mancino, fue grabado pidiendo un porcentaje&#8230;<\/p>\n","protected":false},"author":1,"featured_media":25732,"comment_status":"open","ping_status":"open","sticky":false,"template":"","format":"standard","meta":{"footnotes":""},"categories":[7,1,5],"tags":[],"class_list":["post-25730","post","type-post","status-publish","format-standard","has-post-thumbnail","hentry","category-ecuador","category-inicio","category-loja"],"_links":{"self":[{"href":"https:\/\/www.lodelmomentoloja.com\/index.php?rest_route=\/wp\/v2\/posts\/25730"}],"collection":[{"href":"https:\/\/www.lodelmomentoloja.com\/index.php?rest_route=\/wp\/v2\/posts"}],"about":[{"href":"https:\/\/www.lodelmomentoloja.com\/index.php?rest_route=\/wp\/v2\/types\/post"}],"author":[{"embeddable":true,"href":"https:\/\/www.lodelmomentoloja.com\/index.php?rest_route=\/wp\/v2\/users\/1"}],"replies":[{"embeddable":true,"href":"https:\/\/www.lodelmomentoloja.com\/index.php?rest_route=%2Fwp%2Fv2%2Fcomments&post=25730"}],"version-history":[{"count":1,"href":"https:\/\/www.lodelmomentoloja.com\/index.php?rest_route=\/wp\/v2\/posts\/25730\/revisions"}],"predecessor-version":[{"id":25734,"href":"https:\/\/www.lodelmomentoloja.com\/index.php?rest_route=\/wp\/v2\/posts\/25730\/revisions\/25734"}],"wp:featuredmedia":[{"embeddable":true,"href":"https:\/\/www.lodelmomentoloja.com\/index.php?rest_route=\/wp\/v2\/media\/25732"}],"wp:attachment":[{"href":"https:\/\/www.lodelmomentoloja.com\/index.php?rest_route=%2Fwp%2Fv2%2Fmedia&parent=25730"}],"wp:term":[{"taxonomy":"category","embeddable":true,"href":"https:\/\/www.lodelmomentoloja.com\/index.php?rest_route=%2Fwp%2Fv2%2Fcategories&post=25730"},{"taxonomy":"post_tag","embeddable":true,"href":"https:\/\/www.lodelmomentoloja.com\/index.php?rest_route=%2Fwp%2Fv2%2Ftags&post=25730"}],"curies":[{"name":"wp","href":"https:\/\/api.w.org\/{rel}","templated":true}]}}