{"id":25724,"date":"2025-04-28T17:33:46","date_gmt":"2025-04-28T17:33:46","guid":{"rendered":"https:\/\/www.lodelmomentoloja.com\/?p=25724"},"modified":"2025-04-28T22:34:42","modified_gmt":"2025-04-28T22:34:42","slug":"confirman-el-primer-caso-de-tos-ferian-en-quito","status":"publish","type":"post","link":"https:\/\/www.lodelmomentoloja.com\/?p=25724","title":{"rendered":"CONFIRMAN EL PRIMER CASO DE TOS FERIAN EN QUITO"},"content":{"rendered":"<p>\ud83d\ude31\ud83d\ude37\ud83d\udde3\ufe0f \u00a1Un contagiado! La Secretar\u00eda de Salud del Municipio de Quito confirm\u00f3 el primer caso de tos ferina. Seg\u00fan detalla la entidad, un estudiante de una Unidad Educativa Municipal estar\u00eda contagiada. Aunque el caso se confirm\u00f3 el pasado viernes 25 de abril, la instituci\u00f3n lo dio a conocer este lunes 28 de abril por lo que, de manera inmediata, activaron los protocolos de vigilancia epidemiol\u00f3gica.<\/p>\n<p>La Secretar\u00eda de Salud del Municipio de Quito confirm\u00f3 el primer caso de tos ferina. Seg\u00fan detalla la entidad, un estudiante de una Unidad Educativa Municipal estar\u00eda contagiada.<\/p>\n<p>Aunque el caso se confirm\u00f3 el pasado viernes 25 de abril, la instituci\u00f3n lo dio a conocer este lunes 28 de abril por lo que, de manera inmediata, activaron los protocolos de vigilancia epidemiol\u00f3gica. La persona con tos ferina y las \u00faltimas personas con las que mantuvo contacto se mantienen en un aislamiento preventivo a fin de evitar un posible brote, indic\u00f3 la Secretar\u00eda a trav\u00e9s de un comunicado.<\/p>\n<p>Por lo que se realiz\u00f3 un tamizaje a los 110 estudiantes para identificar cualquier s\u00edntoma relacionado a la tos ferina en el plantel educativo. Adem\u00e1s, durante el fin de semana se llevaron a cabo charlas informativas para reforzar medidas de prevenci\u00f3n. De igual manera, se constar\u00e1n los carnets de vacunados del alumnado.<\/p>\n<p>Con el fin de evitar un posible contagio masivo, autoridades de salud iniciar\u00e1n una jornada de vacunaci\u00f3n para los d\u00edas martes 29, mi\u00e9rcoles 30 de abril y jueves 01 de mayo en el sector Pomasqui.<\/p>\n<p>\ud83c\udf10\u2705 S\u00edguenos en nuestra p\u00e1gina verificada: https:\/\/www.facebook.com\/lodelmomentolojaEC<\/p>\n<p>www.lodelmomentoloja.com<br \/>\n#LDMnoticias #lodelmomentolojaLDM<\/p>\n","protected":false},"excerpt":{"rendered":"<p>\ud83d\ude31\ud83d\ude37\ud83d\udde3\ufe0f \u00a1Un contagiado! La Secretar\u00eda de Salud del Municipio de Quito confirm\u00f3 el primer caso&#8230;<\/p>\n","protected":false},"author":1,"featured_media":25725,"comment_status":"open","ping_status":"open","sticky":false,"template":"","format":"standard","meta":{"footnotes":""},"categories":[7,1,4],"tags":[],"class_list":["post-25724","post","type-post","status-publish","format-standard","has-post-thumbnail","hentry","category-ecuador","category-inicio","category-internacional"],"_links":{"self":[{"href":"https:\/\/www.lodelmomentoloja.com\/index.php?rest_route=\/wp\/v2\/posts\/25724"}],"collection":[{"href":"https:\/\/www.lodelmomentoloja.com\/index.php?rest_route=\/wp\/v2\/posts"}],"about":[{"href":"https:\/\/www.lodelmomentoloja.com\/index.php?rest_route=\/wp\/v2\/types\/post"}],"author":[{"embeddable":true,"href":"https:\/\/www.lodelmomentoloja.com\/index.php?rest_route=\/wp\/v2\/users\/1"}],"replies":[{"embeddable":true,"href":"https:\/\/www.lodelmomentoloja.com\/index.php?rest_route=%2Fwp%2Fv2%2Fcomments&post=25724"}],"version-history":[{"count":1,"href":"https:\/\/www.lodelmomentoloja.com\/index.php?rest_route=\/wp\/v2\/posts\/25724\/revisions"}],"predecessor-version":[{"id":25726,"href":"https:\/\/www.lodelmomentoloja.com\/index.php?rest_route=\/wp\/v2\/posts\/25724\/revisions\/25726"}],"wp:featuredmedia":[{"embeddable":true,"href":"https:\/\/www.lodelmomentoloja.com\/index.php?rest_route=\/wp\/v2\/media\/25725"}],"wp:attachment":[{"href":"https:\/\/www.lodelmomentoloja.com\/index.php?rest_route=%2Fwp%2Fv2%2Fmedia&parent=25724"}],"wp:term":[{"taxonomy":"category","embeddable":true,"href":"https:\/\/www.lodelmomentoloja.com\/index.php?rest_route=%2Fwp%2Fv2%2Fcategories&post=25724"},{"taxonomy":"post_tag","embeddable":true,"href":"https:\/\/www.lodelmomentoloja.com\/index.php?rest_route=%2Fwp%2Fv2%2Ftags&post=25724"}],"curies":[{"name":"wp","href":"https:\/\/api.w.org\/{rel}","templated":true}]}}