{"id":25705,"date":"2025-04-28T11:30:31","date_gmt":"2025-04-28T11:30:31","guid":{"rendered":"https:\/\/www.lodelmomentoloja.com\/?p=25705"},"modified":"2025-04-28T16:33:40","modified_gmt":"2025-04-28T16:33:40","slug":"fallece-el-paciente-diagnosticado-con-fiebre-amarilla-en-ecuador","status":"publish","type":"post","link":"https:\/\/www.lodelmomentoloja.com\/?p=25705","title":{"rendered":"FALLECE EL PACIENTE DIAGNOSTICADO CON FIEBRE AMARILLA EN ECUADOR"},"content":{"rendered":"<p class=\"selectable-text copyable-text x15bjb6t x1n2onr6\" dir=\"ltr\"><span class=\"x19la9d6 x1fc57z9 x6ikm8r x10wlt62 x19co3pv x1g5zs5t xfibh0p xiy17q3 x1xsqp64 x1lkfr7t xexx8yu x4uap5 x18d9i69 xkhd6sd\"><span class=\"xrtxmta x1bhl96m\">\ud83d\udea8<\/span><\/span><span class=\"x19la9d6 x1fc57z9 x6ikm8r x10wlt62 x19co3pv x1g5zs5t xfibh0p xiy17q3 x1xsqp64 x1lkfr7t xexx8yu x4uap5 x18d9i69 xkhd6sd\"><span class=\"xrtxmta x1bhl96m\">\ud83e\udd12<\/span><\/span><span class=\"x19la9d6 x1fc57z9 x6ikm8r x10wlt62 x19co3pv x1g5zs5t xfibh0p xiy17q3 x1xsqp64 x1lkfr7t xexx8yu x4uap5 x18d9i69 xkhd6sd\"><span class=\"xrtxmta x1bhl96m\">\ud83e\udd9f<\/span><\/span><span class=\"selectable-text copyable-text false\"> \u00a1El primer caso! El primer paciente diagnosticado con fiebre amarilla en Ecuador, perdi\u00f3 la vida. Se tratar\u00eda de un paciente de 26 a\u00f1os de edad, oriundo de la provincia de Loja que radicaba en Zamora Chinchipe y, seg\u00fan las autoridades de salud, las personas con las que tuvo contacto tambi\u00e9n se encuentran en cerco epidemiol\u00f3gico como medida preventiva.<\/p>\n<p><\/span><\/p>\n<div style=\"width: 640px;\" class=\"wp-video\"><!--[if lt IE 9]><script>document.createElement('video');<\/script><![endif]-->\n<video class=\"wp-video-shortcode\" id=\"video-25705-1\" width=\"640\" height=\"360\" preload=\"metadata\" controls=\"controls\"><source type=\"video\/mp4\" src=\"http:\/\/www.lodelmomentoloja.com\/wp-content\/uploads\/2025\/04\/PACIENTE-CONN-FIEBRE-AMARILLA-REDUCIDO.mp4?_=1\" \/><a href=\"http:\/\/www.lodelmomentoloja.com\/wp-content\/uploads\/2025\/04\/PACIENTE-CONN-FIEBRE-AMARILLA-REDUCIDO.mp4\">http:\/\/www.lodelmomentoloja.com\/wp-content\/uploads\/2025\/04\/PACIENTE-CONN-FIEBRE-AMARILLA-REDUCIDO.mp4<\/a><\/video><\/div>\n<p>Se tratar\u00eda de un paciente de 26 a\u00f1os de edad, oriundo de la provincia de Loja que radicaba en Zamora Chinchipe quien fue diagnosticado tras una investigaci\u00f3n cl\u00ednica y epidemiol\u00f3gica rigurosa y, seg\u00fan las autoridades de salud, las personas con las que tuvo contacto tambi\u00e9n se encuentran en cerco epidemiol\u00f3gico como medida preventiva.<\/p>\n<p>Seg\u00fan mencion\u00f3 el ministro de la cartera de Estado, el f4ll3c1d0, aparentemente, estar\u00eda vinculado a la miner\u00eda ilegal con actividades que se realizaban en la frontera de Per\u00fa, una zona que, seg\u00fan detalla Lama, carecer\u00eda de campa\u00f1as de vacunaci\u00f3n contra dicho padecimiento.<\/p>\n<p>Expertos se\u00f1alan que la fiebre amarilla es una enfermedad v\u00edrica aguda, hemorr\u00e1gica, transmitida por mosquitos infectados, con un alto \u00edndice de m0rt4l1d4d y, la Organizaci\u00f3n Panamericana de la Salud (OPS) puntualiza que es end\u00e9mica en \u00e1reas tropicales de \u00c1frica, Am\u00e9rica Central y partes de Am\u00e9rica del Sur.<\/p>\n<p>Tras la mv3rt3 del joven, Lama hizo un llamado a los ecuatorianos a conservar la tranquilidad, ya que, el ministerio garantiza un sistema de vacunaci\u00f3n acorde a la emergencia.<\/p>\n<p>Este fue el primer caso de fiebre amarilla de registrado en Ecuador durante el 2025; aunque tambi\u00e9n se ha decretado una alerta epidemiol\u00f3gica en varias comunidades ind\u00edgenas de la Amazon\u00eda fronterizas con Per\u00fa, despu\u00e9s de que, en los \u00faltimos meses al menos 7 j\u00f3venes, la mayor\u00eda menores de edad, perdieran la vida con s\u00edntomas similares.<\/p>\n<p class=\"selectable-text copyable-text x15bjb6t x1n2onr6\" dir=\"ltr\"><span class=\"selectable-text copyable-text false\">\u00a0<\/span><\/p>\n<p class=\"selectable-text copyable-text x15bjb6t x1n2onr6\" dir=\"ltr\"><span class=\"selectable-text copyable-text false\">Noticia completa <\/span><span class=\"x19la9d6 x1fc57z9 x6ikm8r x10wlt62 x19co3pv x1g5zs5t xfibh0p xiy17q3 x1xsqp64 x1lkfr7t xexx8yu x4uap5 x18d9i69 xkhd6sd\"><span class=\"xrtxmta x1bhl96m\">\ud83d\udcf2<\/span><\/span> <span class=\"selectable-text copyable-text false\">https:\/\/youtu.be\/5sX2MDzaBXk<\/span><\/p>\n<p class=\"selectable-text copyable-text x15bjb6t x1n2onr6\" dir=\"ltr\"><span class=\"x19la9d6 x1fc57z9 x6ikm8r x10wlt62 x19co3pv x1g5zs5t xfibh0p xiy17q3 x1xsqp64 x1lkfr7t xexx8yu x4uap5 x18d9i69 xkhd6sd\"><span class=\"xrtxmta x1bhl96m\">\ud83c\udf10<\/span><\/span><span class=\"x19la9d6 x1fc57z9 x6ikm8r x10wlt62 x19co3pv x1g5zs5t xfibh0p xiy17q3 x1xsqp64 x1lkfr7t xexx8yu x4uap5 x18d9i69 xkhd6sd\"><span class=\"xrtxmta x1bhl96m\">\u2705<\/span><\/span><span class=\"selectable-text copyable-text false\"> S\u00edguenos en nuestra p\u00e1gina verificada: <\/span><span class=\"selectable-text copyable-text false\">https:\/\/www.facebook.com\/lodelmomentolojaEC<\/span><\/p>\n<p class=\"selectable-text copyable-text x15bjb6t x1n2onr6\" dir=\"ltr\"><span class=\"selectable-text copyable-text false\">www.lodelmomentoloja.com<\/span><\/p>\n<p class=\"selectable-text copyable-text x15bjb6t x1n2onr6\" dir=\"ltr\"><span class=\"selectable-text copyable-text false\">#LDMnoticias #lodelmomentolojaLDM<\/span><\/p>\n","protected":false},"excerpt":{"rendered":"<p>\ud83d\udea8\ud83e\udd12\ud83e\udd9f \u00a1El primer caso! El primer paciente diagnosticado con fiebre amarilla en Ecuador, perdi\u00f3 la&#8230;<\/p>\n","protected":false},"author":1,"featured_media":25707,"comment_status":"open","ping_status":"open","sticky":false,"template":"","format":"standard","meta":{"footnotes":""},"categories":[7,1,5],"tags":[],"class_list":["post-25705","post","type-post","status-publish","format-standard","has-post-thumbnail","hentry","category-ecuador","category-inicio","category-loja"],"_links":{"self":[{"href":"https:\/\/www.lodelmomentoloja.com\/index.php?rest_route=\/wp\/v2\/posts\/25705"}],"collection":[{"href":"https:\/\/www.lodelmomentoloja.com\/index.php?rest_route=\/wp\/v2\/posts"}],"about":[{"href":"https:\/\/www.lodelmomentoloja.com\/index.php?rest_route=\/wp\/v2\/types\/post"}],"author":[{"embeddable":true,"href":"https:\/\/www.lodelmomentoloja.com\/index.php?rest_route=\/wp\/v2\/users\/1"}],"replies":[{"embeddable":true,"href":"https:\/\/www.lodelmomentoloja.com\/index.php?rest_route=%2Fwp%2Fv2%2Fcomments&post=25705"}],"version-history":[{"count":1,"href":"https:\/\/www.lodelmomentoloja.com\/index.php?rest_route=\/wp\/v2\/posts\/25705\/revisions"}],"predecessor-version":[{"id":25708,"href":"https:\/\/www.lodelmomentoloja.com\/index.php?rest_route=\/wp\/v2\/posts\/25705\/revisions\/25708"}],"wp:featuredmedia":[{"embeddable":true,"href":"https:\/\/www.lodelmomentoloja.com\/index.php?rest_route=\/wp\/v2\/media\/25707"}],"wp:attachment":[{"href":"https:\/\/www.lodelmomentoloja.com\/index.php?rest_route=%2Fwp%2Fv2%2Fmedia&parent=25705"}],"wp:term":[{"taxonomy":"category","embeddable":true,"href":"https:\/\/www.lodelmomentoloja.com\/index.php?rest_route=%2Fwp%2Fv2%2Fcategories&post=25705"},{"taxonomy":"post_tag","embeddable":true,"href":"https:\/\/www.lodelmomentoloja.com\/index.php?rest_route=%2Fwp%2Fv2%2Ftags&post=25705"}],"curies":[{"name":"wp","href":"https:\/\/api.w.org\/{rel}","templated":true}]}}