{"id":25693,"date":"2025-04-28T08:08:40","date_gmt":"2025-04-28T08:08:40","guid":{"rendered":"https:\/\/www.lodelmomentoloja.com\/?p=25693"},"modified":"2025-04-28T15:10:22","modified_gmt":"2025-04-28T15:10:22","slug":"ecu-911-zonal-7-anuncia-estado-de-vias","status":"publish","type":"post","link":"https:\/\/www.lodelmomentoloja.com\/?p=25693","title":{"rendered":"ECU 911 ZONAL 7  ANUNCIA ESTADO DE V\u00cdAS"},"content":{"rendered":"<p>\u26a0\ufe0f\u2705\ud83d\udeab \u00a1El Estado vial! Desde la Zonal 7 del ECU-911 se informa sobre la situaci\u00f3n vial en la que se encuentra la provincia de Loja; con 9 v\u00edas habilitadas, 9 v\u00edas inhabilitadas y 5 v\u00edas cerradas.<\/p>\n<p>\u2705 Loja &#8211; Saraguro: HABILITADA<br \/>\n\ud83d\udeab Saraguro &#8211; Cuenca \/ Sector: San lucas: CERRADA<br \/>\n\u2705 Loja &#8211; Zamora: HABILITADA<br \/>\n\ud83d\udeab Loja \u2013 Catamayo: CERRADA \/ La v\u00eda nueva permanece cerrada desde las 19h00 del d\u00eda de ayer s\u00e1bado 26\/04\/2025 hasta las 28\/04\/2025 \/ Maquinaria se encuentra realizando trabajos de nivelaci\u00f3n de la calzada en el sector El Plateado, por lo que el tr\u00e1nsito vehicular fluye por la v\u00eda antigua.<br \/>\n\u2705\u26a0\ufe0f Loja &#8211; Malacatos \/ Sector Nangora: PARCIALMENTE HABILITADA \/ Por seguridad de los usuarios viales, la v\u00eda permanecer\u00e1 cerrada en horario nocturno a todo tipo de veh\u00edculo, debido a los constantes desprendimientos de material rocoso en la zona. EL cierre vial se realizar\u00e1 en el horario establecido de 19h00 a 06h00.<br \/>\n\u26a0\ufe0f Malacatos &#8211; Catamayo \/ Parroquia El Tambo \/ Sector La Era \/ V\u00eda Intervalles: PARCIALMENTE HABILITADA<br \/>\n\u2705 Catamayo &#8211; El Cisne: HABILITADA<br \/>\n\ud83d\udeab Catamayo &#8211; Paltas \/ Tramo San Vicente &#8211; Las Chinchas (V\u00eda a La Costa) \/ A 5 km de la urna de San Vicente con direcci\u00f3n a Las Chinchas: PARCIALMENTE HABILITADA<\/p>\n<p>\ud83d\udeab Velacruz &#8211; \u201cY\u201d de Olmedo &#8211; Chaguarpamba &#8211; R\u00edo Pindo (E50): CERRADA \/ Producto de las intensas lluvias registradas en la zona, existen varios deslizamientos de gran magnitud.<\/p>\n<p>\u2705 V\u00edas alternas:<br \/>\n* V\u00eda Arenillas &#8211; Alamor &#8211; Pindal &#8211; Saucillo &#8211; Macar\u00e1 &#8211; El Empalme &#8211; Velacruz \/ Sector: La Hoyada: PARCIALMENTE HABILITADA<\/p>\n<p>\u26a0\ufe0fV\u00eda Las Chinchas \u2013 Zambi &#8211; Guayquichuma &#8211; Portovelo (V\u00eda de segundo orden): PARCIALMENTE HABILITADA \/ Circulaci\u00f3n permitida para veh\u00edculos livianos y buses en horario de 08h00 a 17h00 \/ Maquinaria se mantiene de forma permanente en la v\u00eda.<\/p>\n<p>\u2705 Velacruz \u2013 Catacocha : HABILITADA<br \/>\n\ud83d\udeab Puyango &#8211; Arenillas: CERRADA<br \/>\n\u2705 El Empalme &#8211; Macar\u00e1: HABILITADA<br \/>\n\u26a0\ufe0f Celica &#8211; Alamor \/ Sector El Dulce: PARCIALMENTE HABILITADA<br \/>\n\u26a0\ufe0f Celica \u2013 Alamor \/ El Empalme: PARCIALMENTE HABILITADA \/ _Paso restringido para transporte pesado debido a las medidas adoptadas por el COE cantonal de Celica, considerando las emergencias que han afectado el \u00e1rea urbana del cant\u00f3n.<\/p>\n<p>\u2705 V\u00edas alternas:<br \/>\n* Desde Loja hacia La Costa y viceversa, tramo: El Empalme \u2013 Macar\u00e1 \u2013 Saucillo \u2013 Sabanilla \u2013 Pindal \u2013 &#8220;Ye&#8221; de Balzones \u2013 Arenillas: PARCIALMENTE HABILITADA \/ Varios deslizamientos de tierra.<br \/>\n\u2705 Cariamanga &#8211; Sozoranga: HABILITADA<br \/>\n\u26a0\ufe0f Cariamanga &#8211; Esp\u00edndola \/ Sector San Antonio &#8211; Macaicanza \/ V\u00eda al Lucero: PARCIALMENTE HABILITADA \/ _Paso provisional a un costado de la v\u00eda principal.<br \/>\n\u26a0\ufe0fGonzanam\u00e1 &#8211; Quilanga \/ Sector Llano Grande: PARCIALMENTE HABILITADA<br \/>\n\u26a0\ufe0f Gonzanam\u00e1 &#8211; Cariamanga \/ Sectores: Chiriguala &#8211; Llaulle: PARCIALMENTE HABILITADA<br \/>\n\u26a0\ufe0fYangana &#8211; Valladolid: PARCIALMENTE HABILITADA<br \/>\n\u26a0\ufe0fMasanamaca &#8211; Quinara: PARCIALMENTE HABILITADA<\/p>\n<p>\ud83c\udf10\u2705 S\u00edguenos en nuestra p\u00e1gina verificada: https:\/\/www.facebook.com\/lodelmomentolojaEC<\/p>\n<p>www.lodelmomentoloja.com<br \/>\n#LDMnoticias #lodelmomentolojaLDM<\/p>\n","protected":false},"excerpt":{"rendered":"<p>\u26a0\ufe0f\u2705\ud83d\udeab \u00a1El Estado vial! Desde la Zonal 7 del ECU-911 se informa sobre la situaci\u00f3n&#8230;<\/p>\n","protected":false},"author":1,"featured_media":25694,"comment_status":"open","ping_status":"open","sticky":false,"template":"","format":"standard","meta":{"footnotes":""},"categories":[7,1,5],"tags":[],"class_list":["post-25693","post","type-post","status-publish","format-standard","has-post-thumbnail","hentry","category-ecuador","category-inicio","category-loja"],"_links":{"self":[{"href":"https:\/\/www.lodelmomentoloja.com\/index.php?rest_route=\/wp\/v2\/posts\/25693"}],"collection":[{"href":"https:\/\/www.lodelmomentoloja.com\/index.php?rest_route=\/wp\/v2\/posts"}],"about":[{"href":"https:\/\/www.lodelmomentoloja.com\/index.php?rest_route=\/wp\/v2\/types\/post"}],"author":[{"embeddable":true,"href":"https:\/\/www.lodelmomentoloja.com\/index.php?rest_route=\/wp\/v2\/users\/1"}],"replies":[{"embeddable":true,"href":"https:\/\/www.lodelmomentoloja.com\/index.php?rest_route=%2Fwp%2Fv2%2Fcomments&post=25693"}],"version-history":[{"count":1,"href":"https:\/\/www.lodelmomentoloja.com\/index.php?rest_route=\/wp\/v2\/posts\/25693\/revisions"}],"predecessor-version":[{"id":25695,"href":"https:\/\/www.lodelmomentoloja.com\/index.php?rest_route=\/wp\/v2\/posts\/25693\/revisions\/25695"}],"wp:featuredmedia":[{"embeddable":true,"href":"https:\/\/www.lodelmomentoloja.com\/index.php?rest_route=\/wp\/v2\/media\/25694"}],"wp:attachment":[{"href":"https:\/\/www.lodelmomentoloja.com\/index.php?rest_route=%2Fwp%2Fv2%2Fmedia&parent=25693"}],"wp:term":[{"taxonomy":"category","embeddable":true,"href":"https:\/\/www.lodelmomentoloja.com\/index.php?rest_route=%2Fwp%2Fv2%2Fcategories&post=25693"},{"taxonomy":"post_tag","embeddable":true,"href":"https:\/\/www.lodelmomentoloja.com\/index.php?rest_route=%2Fwp%2Fv2%2Ftags&post=25693"}],"curies":[{"name":"wp","href":"https:\/\/api.w.org\/{rel}","templated":true}]}}