{"id":2569,"date":"2021-02-19T07:00:15","date_gmt":"2021-02-19T07:00:15","guid":{"rendered":"http:\/\/www.lodelmomentoloja.com\/?p=2569"},"modified":"2021-02-19T12:52:34","modified_gmt":"2021-02-19T12:52:34","slug":"ministro-invita-a-rectores-de-universidades-para-vacunarse","status":"publish","type":"post","link":"https:\/\/www.lodelmomentoloja.com\/?p=2569","title":{"rendered":"Ministro invita a rectores de universidades para vacunarse"},"content":{"rendered":"<div class=\"kvgmc6g5 cxmmr5t8 oygrvhab hcukyx3x c1et5uql ii04i59q\">\n<div dir=\"auto\"><a class=\"oajrlxb2 g5ia77u1 qu0x051f esr5mh6w e9989ue4 r7d6kgcz rq0escxv nhd2j8a9 nc684nl6 p7hjln8o kvgmc6g5 cxmmr5t8 oygrvhab hcukyx3x jb3vyjys rz4wbd8a qt6c0cv9 a8nywdso i1ao9s8h esuyzwwr f1sip0of lzcic4wl q66pz984 gpro0wi8 b1v8xokw\" tabindex=\"0\" role=\"link\" href=\"https:\/\/www.facebook.com\/hashtag\/ecuador?__eep__=6&amp;__cft__[0]=AZV5dG9M854LF1mz7q-Pa6AOeW_naIUWHWT6l6fc9M57EwVeGsoUNyxot9nuHB_waU5hG1spYetKS9Y702dqIy0_XpAOixnXPeD21FWwlyJgXJjLh2VCIXvyr8o26ppw0nogoR-jbN5-0BCTc7Kpln2_N6i2Hr2pc2_BVTOG_giawA&amp;__tn__=*NK-R\">#Ecuador<\/a> | Invitan a los rectores de las universidades para vacunarse.<\/div>\n<div dir=\"auto\"><\/div>\n<\/div>\n<div class=\"o9v6fnle cxmmr5t8 oygrvhab hcukyx3x c1et5uql ii04i59q\">\n<div dir=\"auto\">El pasado 30 de enero, el Ministro de Salud Juan Zevallos dirigi\u00f3 cartas a rectores universitarios invit\u00e1ndolos a incluir sus nombres para ser beneficiarios del proceso de vacunaci\u00f3n contra el COVID-19 que se encuentra ejecutando el MSP.<\/div>\n<div dir=\"auto\"><\/div>\n<\/div>\n<div class=\"o9v6fnle cxmmr5t8 oygrvhab hcukyx3x c1et5uql ii04i59q\">\n<div dir=\"auto\">De las cartas enviadas, no se conoce quienes si podr\u00e1n formar parte o no, lo que se ha hecho p\u00fablico, es la respuesta de Galo Naranjo como rector de la Universidad T\u00e9cnica de Ambato (UTA) en la que dijo: &#8220;A pesar de mi condici\u00f3n de vulnerabilidad y motivado por una decisi\u00f3n personal fundamentada en mi consciencia, le solicito ceder la vacuna que me corresponder\u00eda a alguna persona de los servicios p\u00fablicos de salud que trabaje en primera l\u00ednea de atenci\u00f3n directa a los enfermos de Covid-19&#8221; esto, en respuesta al oficio Nro. MSP-MSP-2021-0347-O.<\/div>\n<\/div>\n<div dir=\"auto\"><\/div>\n<div dir=\"auto\"><img loading=\"lazy\" decoding=\"async\" class=\"alignnone wp-image-2570 size-full\" src=\"http:\/\/www.lodelmomentoloja.com\/wp-content\/uploads\/2021\/02\/EukXY81WQAE45Pq.jpg\" alt=\"\" width=\"799\" height=\"960\" srcset=\"https:\/\/www.lodelmomentoloja.com\/wp-content\/uploads\/2021\/02\/EukXY81WQAE45Pq.jpg 799w, https:\/\/www.lodelmomentoloja.com\/wp-content\/uploads\/2021\/02\/EukXY81WQAE45Pq-250x300.jpg 250w, https:\/\/www.lodelmomentoloja.com\/wp-content\/uploads\/2021\/02\/EukXY81WQAE45Pq-768x923.jpg 768w, https:\/\/www.lodelmomentoloja.com\/wp-content\/uploads\/2021\/02\/EukXY81WQAE45Pq-640x769.jpg 640w\" sizes=\"(max-width: 799px) 100vw, 799px\" \/><\/div>\n<div class=\"o9v6fnle cxmmr5t8 oygrvhab hcukyx3x c1et5uql ii04i59q\">\n<div dir=\"auto\"><\/div>\n<div dir=\"auto\"><a class=\"oajrlxb2 g5ia77u1 qu0x051f esr5mh6w e9989ue4 r7d6kgcz rq0escxv nhd2j8a9 nc684nl6 p7hjln8o kvgmc6g5 cxmmr5t8 oygrvhab hcukyx3x jb3vyjys rz4wbd8a qt6c0cv9 a8nywdso i1ao9s8h esuyzwwr f1sip0of lzcic4wl q66pz984 gpro0wi8 b1v8xokw\" tabindex=\"0\" role=\"link\" href=\"https:\/\/www.facebook.com\/hashtag\/ldmnoticias?__eep__=6&amp;__cft__[0]=AZV5dG9M854LF1mz7q-Pa6AOeW_naIUWHWT6l6fc9M57EwVeGsoUNyxot9nuHB_waU5hG1spYetKS9Y702dqIy0_XpAOixnXPeD21FWwlyJgXJjLh2VCIXvyr8o26ppw0nogoR-jbN5-0BCTc7Kpln2_N6i2Hr2pc2_BVTOG_giawA&amp;__tn__=*NK-R\">#LDMnoticias<\/a> <a class=\"oajrlxb2 g5ia77u1 qu0x051f esr5mh6w e9989ue4 r7d6kgcz rq0escxv nhd2j8a9 nc684nl6 p7hjln8o kvgmc6g5 cxmmr5t8 oygrvhab hcukyx3x jb3vyjys rz4wbd8a qt6c0cv9 a8nywdso i1ao9s8h esuyzwwr f1sip0of lzcic4wl q66pz984 gpro0wi8 b1v8xokw\" tabindex=\"0\" role=\"link\" href=\"https:\/\/www.facebook.com\/hashtag\/lodelmomentolojaldm?__eep__=6&amp;__cft__[0]=AZV5dG9M854LF1mz7q-Pa6AOeW_naIUWHWT6l6fc9M57EwVeGsoUNyxot9nuHB_waU5hG1spYetKS9Y702dqIy0_XpAOixnXPeD21FWwlyJgXJjLh2VCIXvyr8o26ppw0nogoR-jbN5-0BCTc7Kpln2_N6i2Hr2pc2_BVTOG_giawA&amp;__tn__=*NK-R\">#lodelmomentolojaLDM<\/a><\/div>\n<\/div>\n","protected":false},"excerpt":{"rendered":"<p>#Ecuador | Invitan a los rectores de las universidades para vacunarse. El pasado 30 de&#8230;<\/p>\n","protected":false},"author":1,"featured_media":2571,"comment_status":"open","ping_status":"open","sticky":false,"template":"","format":"standard","meta":{"footnotes":""},"categories":[1],"tags":[],"class_list":["post-2569","post","type-post","status-publish","format-standard","has-post-thumbnail","hentry","category-inicio"],"_links":{"self":[{"href":"https:\/\/www.lodelmomentoloja.com\/index.php?rest_route=\/wp\/v2\/posts\/2569"}],"collection":[{"href":"https:\/\/www.lodelmomentoloja.com\/index.php?rest_route=\/wp\/v2\/posts"}],"about":[{"href":"https:\/\/www.lodelmomentoloja.com\/index.php?rest_route=\/wp\/v2\/types\/post"}],"author":[{"embeddable":true,"href":"https:\/\/www.lodelmomentoloja.com\/index.php?rest_route=\/wp\/v2\/users\/1"}],"replies":[{"embeddable":true,"href":"https:\/\/www.lodelmomentoloja.com\/index.php?rest_route=%2Fwp%2Fv2%2Fcomments&post=2569"}],"version-history":[{"count":1,"href":"https:\/\/www.lodelmomentoloja.com\/index.php?rest_route=\/wp\/v2\/posts\/2569\/revisions"}],"predecessor-version":[{"id":2572,"href":"https:\/\/www.lodelmomentoloja.com\/index.php?rest_route=\/wp\/v2\/posts\/2569\/revisions\/2572"}],"wp:featuredmedia":[{"embeddable":true,"href":"https:\/\/www.lodelmomentoloja.com\/index.php?rest_route=\/wp\/v2\/media\/2571"}],"wp:attachment":[{"href":"https:\/\/www.lodelmomentoloja.com\/index.php?rest_route=%2Fwp%2Fv2%2Fmedia&parent=2569"}],"wp:term":[{"taxonomy":"category","embeddable":true,"href":"https:\/\/www.lodelmomentoloja.com\/index.php?rest_route=%2Fwp%2Fv2%2Fcategories&post=2569"},{"taxonomy":"post_tag","embeddable":true,"href":"https:\/\/www.lodelmomentoloja.com\/index.php?rest_route=%2Fwp%2Fv2%2Ftags&post=2569"}],"curies":[{"name":"wp","href":"https:\/\/api.w.org\/{rel}","templated":true}]}}