{"id":25679,"date":"2025-04-24T16:35:19","date_gmt":"2025-04-24T16:35:19","guid":{"rendered":"https:\/\/www.lodelmomentoloja.com\/?p=25679"},"modified":"2025-04-24T21:45:35","modified_gmt":"2025-04-24T21:45:35","slug":"daniel-noboa-viajara-por-seis-paises-de-europa-y-asia","status":"publish","type":"post","link":"https:\/\/www.lodelmomentoloja.com\/?p=25679","title":{"rendered":"DANIEL NOBOA VIAJAR\u00c1 POR SEIS PA\u00cdSES DE EUROPA Y ASIA"},"content":{"rendered":"<p>\ud83c\uddea\ud83c\udde8\ud83d\udeeb\ud83c\udf0f\u00a1Gira Internacional! El presidente de Rep\u00fablica, Daniel Noboa saldr\u00e1 del Ecuador durante 15 d\u00edas, as\u00ed lo declar\u00f3 en el Decreto Ejecutivo N\u00ba 612. Seg\u00fan especifica el decreto, el viaje se realizar\u00e1 desde este jueves 24 de abril hasta el pr\u00f3ximo 09 de mayo por motivo de una \u201cgira internacional\u201d con el fin de fortalecer las relaciones diplom\u00e1ticas, de cooperaci\u00f3n y comerciales con diversos pa\u00edses de Europa, Medio Oriente y Asia.<\/p>\n<p>En el Decreto, el primer mandatario estableci\u00f3 que su comitiva oficial estar\u00e1 integrada por:<br \/>\n\u2022 Secretaria General de la Administraci\u00f3n P\u00fablica y Gabinete de la Presidencia<br \/>\n\u2022 Secretario General de Integridad P\u00fablica<br \/>\n\u2022 Secretaria General de Comunicaci\u00f3n de la Presidencia<br \/>\n\u2022 Ministra de Relaciones Exteriores y Movilidad Humana<br \/>\n\u2022 Ministro de Producci\u00f3n, Comercio Exterior, Inversiones y Pesca<br \/>\n\u2022 Ministro de Transporte y Obras P\u00fablicas<br \/>\n\u2022 Ministra de Econom\u00eda y Finanzas<br \/>\n\u2022 Ministra de Energ\u00eda y Minas<br \/>\n\u2022 Ministro de Desarrollo Urbano y Vivienda<br \/>\n\u2022 Ministro de Defensa Nacional<br \/>\n\u2022 Ministro del Interior<br \/>\n\u2022 Director General del Centro de Inteligencia Estrat\u00e9gica<br \/>\nEsta comitiva acompa\u00f1ar\u00e1 al jefe de Estado en su visita al Estado de la Ciudad del Vaticano, Espa\u00f1a, Emiratos \u00c1rabes Unidos, Arabia Saudita, Israel, Reino Unidos y Francia.<\/p>\n<p>Se trata del primer viaje internacional oficial de Noboa luego de que ganara las elecciones de segunda vuelta, antes de su posesi\u00f3n el pr\u00f3ximo 24 de mayo.<\/p>\n<p>\ud83c\udf10\u2705 S\u00edguenos en nuestra p\u00e1gina verificada: https:\/\/www.facebook.com\/lodelmomentolojaEC<\/p>\n<p>www.lodelmomentoloja.com<br \/>\n#LDMnoticias #lodelmomentolojaLDM<\/p>\n","protected":false},"excerpt":{"rendered":"<p>\ud83c\uddea\ud83c\udde8\ud83d\udeeb\ud83c\udf0f\u00a1Gira Internacional! El presidente de Rep\u00fablica, Daniel Noboa saldr\u00e1 del Ecuador durante 15 d\u00edas, as\u00ed&#8230;<\/p>\n","protected":false},"author":1,"featured_media":25680,"comment_status":"open","ping_status":"open","sticky":false,"template":"","format":"standard","meta":{"footnotes":""},"categories":[7,1,4],"tags":[],"class_list":["post-25679","post","type-post","status-publish","format-standard","has-post-thumbnail","hentry","category-ecuador","category-inicio","category-internacional"],"_links":{"self":[{"href":"https:\/\/www.lodelmomentoloja.com\/index.php?rest_route=\/wp\/v2\/posts\/25679"}],"collection":[{"href":"https:\/\/www.lodelmomentoloja.com\/index.php?rest_route=\/wp\/v2\/posts"}],"about":[{"href":"https:\/\/www.lodelmomentoloja.com\/index.php?rest_route=\/wp\/v2\/types\/post"}],"author":[{"embeddable":true,"href":"https:\/\/www.lodelmomentoloja.com\/index.php?rest_route=\/wp\/v2\/users\/1"}],"replies":[{"embeddable":true,"href":"https:\/\/www.lodelmomentoloja.com\/index.php?rest_route=%2Fwp%2Fv2%2Fcomments&post=25679"}],"version-history":[{"count":1,"href":"https:\/\/www.lodelmomentoloja.com\/index.php?rest_route=\/wp\/v2\/posts\/25679\/revisions"}],"predecessor-version":[{"id":25681,"href":"https:\/\/www.lodelmomentoloja.com\/index.php?rest_route=\/wp\/v2\/posts\/25679\/revisions\/25681"}],"wp:featuredmedia":[{"embeddable":true,"href":"https:\/\/www.lodelmomentoloja.com\/index.php?rest_route=\/wp\/v2\/media\/25680"}],"wp:attachment":[{"href":"https:\/\/www.lodelmomentoloja.com\/index.php?rest_route=%2Fwp%2Fv2%2Fmedia&parent=25679"}],"wp:term":[{"taxonomy":"category","embeddable":true,"href":"https:\/\/www.lodelmomentoloja.com\/index.php?rest_route=%2Fwp%2Fv2%2Fcategories&post=25679"},{"taxonomy":"post_tag","embeddable":true,"href":"https:\/\/www.lodelmomentoloja.com\/index.php?rest_route=%2Fwp%2Fv2%2Ftags&post=25679"}],"curies":[{"name":"wp","href":"https:\/\/api.w.org\/{rel}","templated":true}]}}