{"id":25676,"date":"2025-04-24T15:16:13","date_gmt":"2025-04-24T15:16:13","guid":{"rendered":"https:\/\/www.lodelmomentoloja.com\/?p=25676"},"modified":"2025-04-24T21:18:19","modified_gmt":"2025-04-24T21:18:19","slug":"confirman-caso-aislado-de-fiebre-amarilla-en-ecuador","status":"publish","type":"post","link":"https:\/\/www.lodelmomentoloja.com\/?p=25676","title":{"rendered":"CONFIRMAN CASO AISLADO DE FIEBRE AMARILLA EN ECUADOR"},"content":{"rendered":"<p>\ud83d\ude31\ud83e\udd9f\ud83d\udc68\ud83c\udffb\u200d\u2695\ufe0f\u00a1El primer caso es de un lojano! El Ministerio de Salud P\u00fablica (MSP) informa a la ciudadan\u00eda que se ha confirmado un caso aislado de fiebre amarilla (FA) en la provincia de Zamora Chinchipe. Se trata de un paciente de 26 a\u00f1os, oriundo de Loja, cuyo diagn\u00f3stico fue confirmado tras una investigaci\u00f3n cl\u00ednica y epidemiol\u00f3gica rigurosa.<\/p>\n<p>Este es un caso \u00fanico y no representa un brote. Hasta el momento, no se han identificado nuevos contagios, y todos los contactos cercanos del paciente (familiares y entorno laboral) se encuentran bajo observaci\u00f3n sin presentar s\u00edntomas.<\/p>\n<p>\ud83c\udf10\u2705 S\u00edguenos en nuestra p\u00e1gina verificada: https:\/\/www.facebook.com\/lodelmomentolojaEC<\/p>\n<p>www.lodelmomentoloja.com<br \/>\n#LDMnoticias #lodelmomentolojaLDM<\/p>\n","protected":false},"excerpt":{"rendered":"<p>\ud83d\ude31\ud83e\udd9f\ud83d\udc68\ud83c\udffb\u200d\u2695\ufe0f\u00a1El primer caso es de un lojano! El Ministerio de Salud P\u00fablica (MSP) informa a&#8230;<\/p>\n","protected":false},"author":1,"featured_media":25677,"comment_status":"open","ping_status":"open","sticky":false,"template":"","format":"standard","meta":{"footnotes":""},"categories":[7,1,5,6],"tags":[],"class_list":["post-25676","post","type-post","status-publish","format-standard","has-post-thumbnail","hentry","category-ecuador","category-inicio","category-loja","category-zamora"],"_links":{"self":[{"href":"https:\/\/www.lodelmomentoloja.com\/index.php?rest_route=\/wp\/v2\/posts\/25676"}],"collection":[{"href":"https:\/\/www.lodelmomentoloja.com\/index.php?rest_route=\/wp\/v2\/posts"}],"about":[{"href":"https:\/\/www.lodelmomentoloja.com\/index.php?rest_route=\/wp\/v2\/types\/post"}],"author":[{"embeddable":true,"href":"https:\/\/www.lodelmomentoloja.com\/index.php?rest_route=\/wp\/v2\/users\/1"}],"replies":[{"embeddable":true,"href":"https:\/\/www.lodelmomentoloja.com\/index.php?rest_route=%2Fwp%2Fv2%2Fcomments&post=25676"}],"version-history":[{"count":1,"href":"https:\/\/www.lodelmomentoloja.com\/index.php?rest_route=\/wp\/v2\/posts\/25676\/revisions"}],"predecessor-version":[{"id":25678,"href":"https:\/\/www.lodelmomentoloja.com\/index.php?rest_route=\/wp\/v2\/posts\/25676\/revisions\/25678"}],"wp:featuredmedia":[{"embeddable":true,"href":"https:\/\/www.lodelmomentoloja.com\/index.php?rest_route=\/wp\/v2\/media\/25677"}],"wp:attachment":[{"href":"https:\/\/www.lodelmomentoloja.com\/index.php?rest_route=%2Fwp%2Fv2%2Fmedia&parent=25676"}],"wp:term":[{"taxonomy":"category","embeddable":true,"href":"https:\/\/www.lodelmomentoloja.com\/index.php?rest_route=%2Fwp%2Fv2%2Fcategories&post=25676"},{"taxonomy":"post_tag","embeddable":true,"href":"https:\/\/www.lodelmomentoloja.com\/index.php?rest_route=%2Fwp%2Fv2%2Ftags&post=25676"}],"curies":[{"name":"wp","href":"https:\/\/api.w.org\/{rel}","templated":true}]}}