{"id":25668,"date":"2025-04-24T11:31:54","date_gmt":"2025-04-24T11:31:54","guid":{"rendered":"https:\/\/www.lodelmomentoloja.com\/?p=25668"},"modified":"2025-04-24T16:38:54","modified_gmt":"2025-04-24T16:38:54","slug":"adolescentes-presuntas-v1ct1m4s-de-tr4t4-de-personas-fueron-rescatadas-en-loja","status":"publish","type":"post","link":"https:\/\/www.lodelmomentoloja.com\/?p=25668","title":{"rendered":"Adolescentes presuntas v1ct1m4s de tr4t4 de personas fueron rescatadas en Loja"},"content":{"rendered":"<p>\ud83d\ude31\ud83d\udea8\ud83d\udc40 \u00a1Presuntas v1ct1m4s de tr4t4! Dos adolescentes y 1 adulta quienes, aparentemente, eran v\u00edctimas del d3l1t0 de trata de personas con fines de 3xpl0t4c10n s3xv4l fueron rescatadas por la Unidad de Investigaci\u00f3n Contra la Trata de Personas y Tr\u00e1fico 1l1c1t0 de Migrantes de la Polic\u00eda Nacional en un hotel de la ciudad de Loja.<\/p>\n<div style=\"width: 640px;\" class=\"wp-video\"><!--[if lt IE 9]><script>document.createElement('video');<\/script><![endif]-->\n<video class=\"wp-video-shortcode\" id=\"video-25668-1\" width=\"640\" height=\"360\" preload=\"metadata\" controls=\"controls\"><source type=\"video\/mp4\" src=\"http:\/\/www.lodelmomentoloja.com\/wp-content\/uploads\/2025\/04\/TR4T4-DE-PERSONAS-REDUCIDO.mp4?_=1\" \/><a href=\"http:\/\/www.lodelmomentoloja.com\/wp-content\/uploads\/2025\/04\/TR4T4-DE-PERSONAS-REDUCIDO.mp4\">http:\/\/www.lodelmomentoloja.com\/wp-content\/uploads\/2025\/04\/TR4T4-DE-PERSONAS-REDUCIDO.mp4<\/a><\/video><\/div>\n<p>La instituci\u00f3n agreg\u00f3 que la operaci\u00f3n fue posible mediante t\u00e9cnicas de gesti\u00f3n investigativa y en coordinaci\u00f3n con la organizaci\u00f3n Our Rescue Latam dedicada a erradicar la trata de personas y 3xpl0t4c10n infantil. Adem\u00e1s, en el operativo, dos personas fueron aprehendidas por la polic\u00eda que, al parecer, estar\u00edan involucradas en el d3l1t0.<\/p>\n<p>Y, aunque no se ha revelado la identidad de los implicados, medios locales mencionan que se tratar\u00eda del recepcionista del hotel donde se encontraron a las v\u00edctimas y un profesional del derecho. Se conoce que en el lugar de los hechos se encontraban dos adolescentes de entre 17 y 18 a\u00f1os aproximadamente quienes habr\u00edan confirmado que llegaron al establecimiento \u201cpara ejercer un trabajo de car\u00e1cter s3xv4l\u201d con el fin de generar ingresos econ\u00f3micos. Adem\u00e1s, los medios de comunicaci\u00f3n agregaron que, en una de las habitaciones se habr\u00eda encontrado a una joven, oriunda de la provincia de El Oro con uno de los sospechosos.<\/p>\n<p>Entre tanto, el Ministerio del Interior junto a otras instituciones que conforman el Equipo de Coordinaci\u00f3n de Casos, articul\u00f3 la asistencia y protecci\u00f3n a las v\u00edctimas, mientras que los aprehendidos fueron puestos a \u00f3rdenes de las autoridades competentes para las respectivas investigaciones.<\/p>\n<p>Noticia completa \ud83d\udcf2 https:\/\/youtu.be\/0KbtSjW-0Ek<\/p>\n<p>\ud83c\udf10\u2705 S\u00edguenos en nuestra p\u00e1gina verificada: https:\/\/www.facebook.com\/lodelmomentolojaEC<\/p>\n<p>www.lodelmomentoloja.com<br \/>\n#LDMnoticias #lodelmomentolojaLDM<\/p>\n","protected":false},"excerpt":{"rendered":"<p>\ud83d\ude31\ud83d\udea8\ud83d\udc40 \u00a1Presuntas v1ct1m4s de tr4t4! Dos adolescentes y 1 adulta quienes, aparentemente, eran v\u00edctimas del&#8230;<\/p>\n","protected":false},"author":1,"featured_media":25670,"comment_status":"open","ping_status":"open","sticky":false,"template":"","format":"standard","meta":{"footnotes":""},"categories":[7,1,5],"tags":[],"class_list":["post-25668","post","type-post","status-publish","format-standard","has-post-thumbnail","hentry","category-ecuador","category-inicio","category-loja"],"_links":{"self":[{"href":"https:\/\/www.lodelmomentoloja.com\/index.php?rest_route=\/wp\/v2\/posts\/25668"}],"collection":[{"href":"https:\/\/www.lodelmomentoloja.com\/index.php?rest_route=\/wp\/v2\/posts"}],"about":[{"href":"https:\/\/www.lodelmomentoloja.com\/index.php?rest_route=\/wp\/v2\/types\/post"}],"author":[{"embeddable":true,"href":"https:\/\/www.lodelmomentoloja.com\/index.php?rest_route=\/wp\/v2\/users\/1"}],"replies":[{"embeddable":true,"href":"https:\/\/www.lodelmomentoloja.com\/index.php?rest_route=%2Fwp%2Fv2%2Fcomments&post=25668"}],"version-history":[{"count":1,"href":"https:\/\/www.lodelmomentoloja.com\/index.php?rest_route=\/wp\/v2\/posts\/25668\/revisions"}],"predecessor-version":[{"id":25671,"href":"https:\/\/www.lodelmomentoloja.com\/index.php?rest_route=\/wp\/v2\/posts\/25668\/revisions\/25671"}],"wp:featuredmedia":[{"embeddable":true,"href":"https:\/\/www.lodelmomentoloja.com\/index.php?rest_route=\/wp\/v2\/media\/25670"}],"wp:attachment":[{"href":"https:\/\/www.lodelmomentoloja.com\/index.php?rest_route=%2Fwp%2Fv2%2Fmedia&parent=25668"}],"wp:term":[{"taxonomy":"category","embeddable":true,"href":"https:\/\/www.lodelmomentoloja.com\/index.php?rest_route=%2Fwp%2Fv2%2Fcategories&post=25668"},{"taxonomy":"post_tag","embeddable":true,"href":"https:\/\/www.lodelmomentoloja.com\/index.php?rest_route=%2Fwp%2Fv2%2Ftags&post=25668"}],"curies":[{"name":"wp","href":"https:\/\/api.w.org\/{rel}","templated":true}]}}