{"id":25665,"date":"2025-04-24T11:28:29","date_gmt":"2025-04-24T11:28:29","guid":{"rendered":"https:\/\/www.lodelmomentoloja.com\/?p=25665"},"modified":"2025-04-24T16:29:30","modified_gmt":"2025-04-24T16:29:30","slug":"mas-de-61-000-personas-despiden-al-papa-en-su-segundo-dia-de-funeral","status":"publish","type":"post","link":"https:\/\/www.lodelmomentoloja.com\/?p=25665","title":{"rendered":"M\u00c1S DE 61.000 PERSONAS DESPIDEN AL PAPA EN SU SEGUNDO D\u00cdA DE FUNERAL"},"content":{"rendered":"<p>\ud83e\udd7a\u271d\ufe0f\u26ea\u00a1Se esperan muchos m\u00e1s! Unas 61 mil personas han accedido a la bas\u00edlica de San Pedro para dar su \u00faltimo adi\u00f3s al papa Francisco hasta las 13:00 h local del jueves 24 de abril, cuando se cumple la segunda jornada de exposici\u00f3n del f\u00e9retro, inform\u00f3 la oficina de prensa del Vaticano. La Santa Sede, dada la alta afluencia de fieles, decidi\u00f3 ampliar la apertura al p\u00fablico de la bas\u00edlica, que permaneci\u00f3 abierta esta madrugada hasta las 05:30am y cerr\u00f3 solo para permitir la reorganizaci\u00f3n y las tareas de limpieza y volvi\u00f3 abrir a las 07:00am.<\/p>\n<p>\ud83c\udf10\u2705 S\u00edguenos en nuestra p\u00e1gina verificada: https:\/\/www.facebook.com\/lodelmomentolojaEC<\/p>\n<p>www.lodelmomentoloja.com<br \/>\n<a class=\"x1i10hfl xjbqb8w x1ejq31n xd10rxx x1sy0etr x17r0tee x972fbf xcfux6l x1qhh985 xm0m39n x9f619 x1ypdohk xt0psk2 xe8uvvx xdj266r x11i5rnm xat24cr x1mh8g0r xexx8yu x4uap5 x18d9i69 xkhd6sd x16tdsg8 x1hl2dhg xggy1nq x1a2a7pz  _aa9_ _a6hd\" tabindex=\"0\" role=\"link\" href=\"https:\/\/www.instagram.com\/explore\/tags\/ldmnoticias\/\">#LDMnoticias<\/a>\u00a0<a class=\"x1i10hfl xjbqb8w x1ejq31n xd10rxx x1sy0etr x17r0tee x972fbf xcfux6l x1qhh985 xm0m39n x9f619 x1ypdohk xt0psk2 xe8uvvx xdj266r x11i5rnm xat24cr x1mh8g0r xexx8yu x4uap5 x18d9i69 xkhd6sd x16tdsg8 x1hl2dhg xggy1nq x1a2a7pz  _aa9_ _a6hd\" tabindex=\"0\" role=\"link\" href=\"https:\/\/www.instagram.com\/explore\/tags\/lodelmomentolojaldm\/\">#lodelmomentolojaLDM<\/a><\/p>\n","protected":false},"excerpt":{"rendered":"<p>\ud83e\udd7a\u271d\ufe0f\u26ea\u00a1Se esperan muchos m\u00e1s! Unas 61 mil personas han accedido a la bas\u00edlica de San&#8230;<\/p>\n","protected":false},"author":1,"featured_media":25666,"comment_status":"open","ping_status":"open","sticky":false,"template":"","format":"standard","meta":{"footnotes":""},"categories":[7,1,5],"tags":[],"class_list":["post-25665","post","type-post","status-publish","format-standard","has-post-thumbnail","hentry","category-ecuador","category-inicio","category-loja"],"_links":{"self":[{"href":"https:\/\/www.lodelmomentoloja.com\/index.php?rest_route=\/wp\/v2\/posts\/25665"}],"collection":[{"href":"https:\/\/www.lodelmomentoloja.com\/index.php?rest_route=\/wp\/v2\/posts"}],"about":[{"href":"https:\/\/www.lodelmomentoloja.com\/index.php?rest_route=\/wp\/v2\/types\/post"}],"author":[{"embeddable":true,"href":"https:\/\/www.lodelmomentoloja.com\/index.php?rest_route=\/wp\/v2\/users\/1"}],"replies":[{"embeddable":true,"href":"https:\/\/www.lodelmomentoloja.com\/index.php?rest_route=%2Fwp%2Fv2%2Fcomments&post=25665"}],"version-history":[{"count":1,"href":"https:\/\/www.lodelmomentoloja.com\/index.php?rest_route=\/wp\/v2\/posts\/25665\/revisions"}],"predecessor-version":[{"id":25667,"href":"https:\/\/www.lodelmomentoloja.com\/index.php?rest_route=\/wp\/v2\/posts\/25665\/revisions\/25667"}],"wp:featuredmedia":[{"embeddable":true,"href":"https:\/\/www.lodelmomentoloja.com\/index.php?rest_route=\/wp\/v2\/media\/25666"}],"wp:attachment":[{"href":"https:\/\/www.lodelmomentoloja.com\/index.php?rest_route=%2Fwp%2Fv2%2Fmedia&parent=25665"}],"wp:term":[{"taxonomy":"category","embeddable":true,"href":"https:\/\/www.lodelmomentoloja.com\/index.php?rest_route=%2Fwp%2Fv2%2Fcategories&post=25665"},{"taxonomy":"post_tag","embeddable":true,"href":"https:\/\/www.lodelmomentoloja.com\/index.php?rest_route=%2Fwp%2Fv2%2Ftags&post=25665"}],"curies":[{"name":"wp","href":"https:\/\/api.w.org\/{rel}","templated":true}]}}