{"id":2562,"date":"2021-02-18T15:30:51","date_gmt":"2021-02-18T15:30:51","guid":{"rendered":"http:\/\/www.lodelmomentoloja.com\/?p=2562"},"modified":"2021-02-18T20:32:08","modified_gmt":"2021-02-18T20:32:08","slug":"obligan-al-gobierno-a-reformular-politica-economica","status":"publish","type":"post","link":"https:\/\/www.lodelmomentoloja.com\/?p=2562","title":{"rendered":"Obligan al gobierno a reformular pol\u00edtica econ\u00f3mica"},"content":{"rendered":"<p style=\"padding-left: 40px;\">#Ecuador | Juez obliga al gobierno a reformular la pol\u00edtica econ\u00f3mica de Lenin Moreno<\/p>\n<p>En semanas anteriores Luis Salas, junto a otras 115 personas y auspiciados jur\u00eddicamente por Acci\u00f3n Jur\u00eddica Popular, interpusieron una acci\u00f3n de protecci\u00f3n en contra del Presidente Lenin Moreno, Mauricio Pozo, Ministro de Econom\u00eda y Finanzas y Miembro del Comit\u00e9 de Deuda y Financiamiento, C\u00e9sar Litardo, Presidente de la Asamblea Nacional, el Procurado del Estado I\u00f1igo Salvador y Kristalina Georgieva Gerente del Fondo Monetario Internacional. Por la imposici\u00f3n de pol\u00edtica econ\u00f3mica tras la firma con el FMI, pol\u00edtica gubernamental que afectado a los ecuatorianos dej\u00e1ndolos sin empleo.<\/p>\n<p>Hoy, el juez Willian Rom\u00e1n, acept\u00f3 parcialmente la acci\u00f3n de protecci\u00f3n interpuesta por varios colectivos sociales y declara a la pol\u00edtica econ\u00f3mica implementada por el gobierno nacional atenta contra los derechos constitucionales y ordena reformular la pol\u00edtica econ\u00f3mica al presidente Lenin Moreno.<\/p>\n<p>El dictamen dice: \u201cDeclarar que la pol\u00edtica econ\u00f3mica y dentro de esta la pol\u00edtica p\u00fablica de protecci\u00f3n al trabajo y pleno empleo planificada, ejecutada y evaluada por estos legitimados pasivos, vulnera el derecho al trabajo garantizado en el art\u00edculo 33 de la constituci\u00f3n, vulneraci\u00f3n de tal magnitud que est\u00e1 afectando la dignidad de un n\u00famero elevado de trabajadores y empleados.\u201d<\/p>\n<p>El juez termin\u00f3 de forma inmediata y obligada a reformular la pol\u00edtica econ\u00f3mica del pa\u00eds al gobierno nacional, pol\u00edtica econ\u00f3mica garantice el empleo a los ecuatorianos conforme dicta la constituci\u00f3n.<\/p>\n<p style=\"padding-left: 40px;\">www.lodelmomentoloja.com<br \/>\n#LDMnoticias #lodelmomentolojaLDM<\/p>\n","protected":false},"excerpt":{"rendered":"<p>#Ecuador | Juez obliga al gobierno a reformular la pol\u00edtica econ\u00f3mica de Lenin Moreno En&#8230;<\/p>\n","protected":false},"author":1,"featured_media":2563,"comment_status":"open","ping_status":"open","sticky":false,"template":"","format":"standard","meta":{"footnotes":""},"categories":[1],"tags":[],"class_list":["post-2562","post","type-post","status-publish","format-standard","has-post-thumbnail","hentry","category-inicio"],"_links":{"self":[{"href":"https:\/\/www.lodelmomentoloja.com\/index.php?rest_route=\/wp\/v2\/posts\/2562"}],"collection":[{"href":"https:\/\/www.lodelmomentoloja.com\/index.php?rest_route=\/wp\/v2\/posts"}],"about":[{"href":"https:\/\/www.lodelmomentoloja.com\/index.php?rest_route=\/wp\/v2\/types\/post"}],"author":[{"embeddable":true,"href":"https:\/\/www.lodelmomentoloja.com\/index.php?rest_route=\/wp\/v2\/users\/1"}],"replies":[{"embeddable":true,"href":"https:\/\/www.lodelmomentoloja.com\/index.php?rest_route=%2Fwp%2Fv2%2Fcomments&post=2562"}],"version-history":[{"count":1,"href":"https:\/\/www.lodelmomentoloja.com\/index.php?rest_route=\/wp\/v2\/posts\/2562\/revisions"}],"predecessor-version":[{"id":2564,"href":"https:\/\/www.lodelmomentoloja.com\/index.php?rest_route=\/wp\/v2\/posts\/2562\/revisions\/2564"}],"wp:featuredmedia":[{"embeddable":true,"href":"https:\/\/www.lodelmomentoloja.com\/index.php?rest_route=\/wp\/v2\/media\/2563"}],"wp:attachment":[{"href":"https:\/\/www.lodelmomentoloja.com\/index.php?rest_route=%2Fwp%2Fv2%2Fmedia&parent=2562"}],"wp:term":[{"taxonomy":"category","embeddable":true,"href":"https:\/\/www.lodelmomentoloja.com\/index.php?rest_route=%2Fwp%2Fv2%2Fcategories&post=2562"},{"taxonomy":"post_tag","embeddable":true,"href":"https:\/\/www.lodelmomentoloja.com\/index.php?rest_route=%2Fwp%2Fv2%2Ftags&post=2562"}],"curies":[{"name":"wp","href":"https:\/\/api.w.org\/{rel}","templated":true}]}}