{"id":25615,"date":"2025-04-23T08:54:12","date_gmt":"2025-04-23T08:54:12","guid":{"rendered":"https:\/\/www.lodelmomentoloja.com\/?p=25615"},"modified":"2025-04-23T13:55:10","modified_gmt":"2025-04-23T13:55:10","slug":"feretro-del-papa-francisco-llego-a-la-basilica-de-san-pedro","status":"publish","type":"post","link":"https:\/\/www.lodelmomentoloja.com\/?p=25615","title":{"rendered":"F\u00c9RETRO DEL PAPA FRANCISCO LLEG\u00d3 A LA BAS\u00cdLICA DE SAN PEDRO"},"content":{"rendered":"<p>\ud83c\uddfb\ud83c\udde6\u271d\ufe0f\u26ea\u00a1Fieles podr\u00e1n visitarlo! La ceremonia del traslado del f\u00e9retro del papa Francisco, que falleci\u00f3 este lunes a los 88 a\u00f1os, de la capilla de Santa Marta, comenz\u00f3 a las 09:00 hora local (07:00 GMT ) desde la que fue su residencia, se realiz\u00f3 con procesi\u00f3n a hombros por los \u2018sediarios\u2019 pontificios y escoltado por la Guardia Suiza, llegando a la bas\u00edlica de San Pedro. Est\u00e1 colocado ante el Altar de la Confesi\u00f3n antes de que los fieles puedan darle el \u00faltimo adi\u00f3s.<\/p>\n<p>\ud83c\udf10\u2705 S\u00edguenos en nuestra p\u00e1gina verificada: https:\/\/www.facebook.com\/lodelmomentolojaEC<\/p>\n<p>www.lodelmomentoloja.com<br \/>\n#LDMnoticias #lodelmomentolojaLDM<\/p>\n","protected":false},"excerpt":{"rendered":"<p>\ud83c\uddfb\ud83c\udde6\u271d\ufe0f\u26ea\u00a1Fieles podr\u00e1n visitarlo! La ceremonia del traslado del f\u00e9retro del papa Francisco, que falleci\u00f3 este&#8230;<\/p>\n","protected":false},"author":1,"featured_media":25616,"comment_status":"open","ping_status":"open","sticky":false,"template":"","format":"standard","meta":{"footnotes":""},"categories":[7,1,4],"tags":[],"class_list":["post-25615","post","type-post","status-publish","format-standard","has-post-thumbnail","hentry","category-ecuador","category-inicio","category-internacional"],"_links":{"self":[{"href":"https:\/\/www.lodelmomentoloja.com\/index.php?rest_route=\/wp\/v2\/posts\/25615"}],"collection":[{"href":"https:\/\/www.lodelmomentoloja.com\/index.php?rest_route=\/wp\/v2\/posts"}],"about":[{"href":"https:\/\/www.lodelmomentoloja.com\/index.php?rest_route=\/wp\/v2\/types\/post"}],"author":[{"embeddable":true,"href":"https:\/\/www.lodelmomentoloja.com\/index.php?rest_route=\/wp\/v2\/users\/1"}],"replies":[{"embeddable":true,"href":"https:\/\/www.lodelmomentoloja.com\/index.php?rest_route=%2Fwp%2Fv2%2Fcomments&post=25615"}],"version-history":[{"count":1,"href":"https:\/\/www.lodelmomentoloja.com\/index.php?rest_route=\/wp\/v2\/posts\/25615\/revisions"}],"predecessor-version":[{"id":25617,"href":"https:\/\/www.lodelmomentoloja.com\/index.php?rest_route=\/wp\/v2\/posts\/25615\/revisions\/25617"}],"wp:featuredmedia":[{"embeddable":true,"href":"https:\/\/www.lodelmomentoloja.com\/index.php?rest_route=\/wp\/v2\/media\/25616"}],"wp:attachment":[{"href":"https:\/\/www.lodelmomentoloja.com\/index.php?rest_route=%2Fwp%2Fv2%2Fmedia&parent=25615"}],"wp:term":[{"taxonomy":"category","embeddable":true,"href":"https:\/\/www.lodelmomentoloja.com\/index.php?rest_route=%2Fwp%2Fv2%2Fcategories&post=25615"},{"taxonomy":"post_tag","embeddable":true,"href":"https:\/\/www.lodelmomentoloja.com\/index.php?rest_route=%2Fwp%2Fv2%2Ftags&post=25615"}],"curies":[{"name":"wp","href":"https:\/\/api.w.org\/{rel}","templated":true}]}}