{"id":25598,"date":"2025-04-22T13:01:36","date_gmt":"2025-04-22T13:01:36","guid":{"rendered":"https:\/\/www.lodelmomentoloja.com\/?p=25598"},"modified":"2025-04-22T19:00:35","modified_gmt":"2025-04-22T19:00:35","slug":"daniel-noboa-estara-presente-en-funerales-del-papa-francisco","status":"publish","type":"post","link":"https:\/\/www.lodelmomentoloja.com\/?p=25598","title":{"rendered":"DANIEL NOBOA ESTAR\u00c1 PRESENTE EN FUNERALES DEL PAPA FRANCISCO"},"content":{"rendered":"<p>\u271d\ufe0f\ud83d\udeeb\ud83c\uddfb\ud83c\udde6\u00a1Estar\u00e1 presente en el Vaticano! Gabriela Sommerfeld, Canciller del Ecuador anunci\u00f3 que el presidente Daniel Noboa asistir\u00e1 a los funerales del papa Francisco en el Vaticano, que tendr\u00e1n lugar a partir del s\u00e1bado 26 de abril. La entidad no ha precisado qui\u00e9nes integrar\u00e1n la delegaci\u00f3n oficial ni el cronograma completo de la visita. Sin embargo, aseguraron que la presencia del Primer Mandatario est\u00e1 confirmada para las ceremonias f\u00fanebres. Una vez concluido el grupo que lo acompa\u00f1ar\u00e1, ser\u00e1 anunciado su viaje mediante un Decreto Ejecutivo.<\/p>\n<p>V\u00eda: Primicias.<\/p>\n<p>\ud83c\udf10\u2705 S\u00edguenos en nuestra p\u00e1gina verificada: https:\/\/www.facebook.com\/lodelmomentolojaEC<\/p>\n<p>www.lodelmomentoloja.com<br \/>\n<a class=\"x1i10hfl xjbqb8w x1ejq31n xd10rxx x1sy0etr x17r0tee x972fbf xcfux6l x1qhh985 xm0m39n x9f619 x1ypdohk xt0psk2 xe8uvvx xdj266r x11i5rnm xat24cr x1mh8g0r xexx8yu x4uap5 x18d9i69 xkhd6sd x16tdsg8 x1hl2dhg xggy1nq x1a2a7pz  _aa9_ _a6hd\" tabindex=\"0\" role=\"link\" href=\"https:\/\/www.instagram.com\/explore\/tags\/ldmnoticias\/\">#LDMnoticias<\/a>\u00a0<a class=\"x1i10hfl xjbqb8w x1ejq31n xd10rxx x1sy0etr x17r0tee x972fbf xcfux6l x1qhh985 xm0m39n x9f619 x1ypdohk xt0psk2 xe8uvvx xdj266r x11i5rnm xat24cr x1mh8g0r xexx8yu x4uap5 x18d9i69 xkhd6sd x16tdsg8 x1hl2dhg xggy1nq x1a2a7pz  _aa9_ _a6hd\" tabindex=\"0\" role=\"link\" href=\"https:\/\/www.instagram.com\/explore\/tags\/lodelmomentolojaldm\/\">#lodelmomentolojaLDM<\/a><\/p>\n","protected":false},"excerpt":{"rendered":"<p>\u271d\ufe0f\ud83d\udeeb\ud83c\uddfb\ud83c\udde6\u00a1Estar\u00e1 presente en el Vaticano! Gabriela Sommerfeld, Canciller del Ecuador anunci\u00f3 que el presidente Daniel&#8230;<\/p>\n","protected":false},"author":1,"featured_media":25599,"comment_status":"open","ping_status":"open","sticky":false,"template":"","format":"standard","meta":{"footnotes":""},"categories":[7,1,4],"tags":[],"class_list":["post-25598","post","type-post","status-publish","format-standard","has-post-thumbnail","hentry","category-ecuador","category-inicio","category-internacional"],"_links":{"self":[{"href":"https:\/\/www.lodelmomentoloja.com\/index.php?rest_route=\/wp\/v2\/posts\/25598"}],"collection":[{"href":"https:\/\/www.lodelmomentoloja.com\/index.php?rest_route=\/wp\/v2\/posts"}],"about":[{"href":"https:\/\/www.lodelmomentoloja.com\/index.php?rest_route=\/wp\/v2\/types\/post"}],"author":[{"embeddable":true,"href":"https:\/\/www.lodelmomentoloja.com\/index.php?rest_route=\/wp\/v2\/users\/1"}],"replies":[{"embeddable":true,"href":"https:\/\/www.lodelmomentoloja.com\/index.php?rest_route=%2Fwp%2Fv2%2Fcomments&post=25598"}],"version-history":[{"count":1,"href":"https:\/\/www.lodelmomentoloja.com\/index.php?rest_route=\/wp\/v2\/posts\/25598\/revisions"}],"predecessor-version":[{"id":25600,"href":"https:\/\/www.lodelmomentoloja.com\/index.php?rest_route=\/wp\/v2\/posts\/25598\/revisions\/25600"}],"wp:featuredmedia":[{"embeddable":true,"href":"https:\/\/www.lodelmomentoloja.com\/index.php?rest_route=\/wp\/v2\/media\/25599"}],"wp:attachment":[{"href":"https:\/\/www.lodelmomentoloja.com\/index.php?rest_route=%2Fwp%2Fv2%2Fmedia&parent=25598"}],"wp:term":[{"taxonomy":"category","embeddable":true,"href":"https:\/\/www.lodelmomentoloja.com\/index.php?rest_route=%2Fwp%2Fv2%2Fcategories&post=25598"},{"taxonomy":"post_tag","embeddable":true,"href":"https:\/\/www.lodelmomentoloja.com\/index.php?rest_route=%2Fwp%2Fv2%2Ftags&post=25598"}],"curies":[{"name":"wp","href":"https:\/\/api.w.org\/{rel}","templated":true}]}}