{"id":25586,"date":"2025-04-22T11:09:40","date_gmt":"2025-04-22T11:09:40","guid":{"rendered":"https:\/\/www.lodelmomentoloja.com\/?p=25586"},"modified":"2025-04-22T16:11:46","modified_gmt":"2025-04-22T16:11:46","slug":"presidente-noboa-declara-luto-nacional-por-la-muerte-del-papa-francisco","status":"publish","type":"post","link":"https:\/\/www.lodelmomentoloja.com\/?p=25586","title":{"rendered":"PRESIDENTE NOBOA DECLARA LUTO NACIONAL POR LA MUERTE DEL PAPA FRANCISCO"},"content":{"rendered":"<p>\ud83c\uddea\ud83c\udde8\ud83c\udff4\ud83d\udcc4\u00a1En honor al Papa! Desde la Secretar\u00eda General de Comunicaci\u00f3n de la Presidencia, se inform\u00f3 que ante el sensible f4ll3c1m13nt0 de su santidad el papa Francisco, sumo pont\u00edfice de la Iglesia Cat\u00f3lica y Jefe del Estado de la Ciudad del Vaticano, el presidente Daniel Noboa declar\u00f3 duelo nacional en todo el territorio ecuatoriano durante los d\u00edas 22, 23 y 24 de abril del 2025. D\u00edas en los que permanecer\u00e1 izada la Bandera Nacional hasta media asta, en todos los edificios p\u00fablicos y privados, tanto civiles como militares.<\/p>\n<p><img loading=\"lazy\" decoding=\"async\" class=\"alignnone size-medium wp-image-25587\" src=\"http:\/\/www.lodelmomentoloja.com\/wp-content\/uploads\/2025\/04\/WhatsApp-Image-2025-04-22-at-10.38.25-AM-240x300.jpeg\" alt=\"\" width=\"240\" height=\"300\" srcset=\"https:\/\/www.lodelmomentoloja.com\/wp-content\/uploads\/2025\/04\/WhatsApp-Image-2025-04-22-at-10.38.25-AM-240x300.jpeg 240w, https:\/\/www.lodelmomentoloja.com\/wp-content\/uploads\/2025\/04\/WhatsApp-Image-2025-04-22-at-10.38.25-AM-818x1024.jpeg 818w, https:\/\/www.lodelmomentoloja.com\/wp-content\/uploads\/2025\/04\/WhatsApp-Image-2025-04-22-at-10.38.25-AM-768x961.jpeg 768w, https:\/\/www.lodelmomentoloja.com\/wp-content\/uploads\/2025\/04\/WhatsApp-Image-2025-04-22-at-10.38.25-AM-640x801.jpeg 640w, https:\/\/www.lodelmomentoloja.com\/wp-content\/uploads\/2025\/04\/WhatsApp-Image-2025-04-22-at-10.38.25-AM.jpeg 1023w\" sizes=\"(max-width: 240px) 100vw, 240px\" \/><\/p>\n<p>\ud83c\udf10\u2705 S\u00edguenos en nuestra p\u00e1gina verificada: https:\/\/www.facebook.com\/lodelmomentolojaEC<\/p>\n<p>www.lodelmomentoloja.com<br \/>\n#LDMnoticias #lodelmomentolojaLDM<\/p>\n","protected":false},"excerpt":{"rendered":"<p>\ud83c\uddea\ud83c\udde8\ud83c\udff4\ud83d\udcc4\u00a1En honor al Papa! Desde la Secretar\u00eda General de Comunicaci\u00f3n de la Presidencia, se inform\u00f3&#8230;<\/p>\n","protected":false},"author":1,"featured_media":25588,"comment_status":"open","ping_status":"open","sticky":false,"template":"","format":"standard","meta":{"footnotes":""},"categories":[7,1,4,5],"tags":[],"class_list":["post-25586","post","type-post","status-publish","format-standard","has-post-thumbnail","hentry","category-ecuador","category-inicio","category-internacional","category-loja"],"_links":{"self":[{"href":"https:\/\/www.lodelmomentoloja.com\/index.php?rest_route=\/wp\/v2\/posts\/25586"}],"collection":[{"href":"https:\/\/www.lodelmomentoloja.com\/index.php?rest_route=\/wp\/v2\/posts"}],"about":[{"href":"https:\/\/www.lodelmomentoloja.com\/index.php?rest_route=\/wp\/v2\/types\/post"}],"author":[{"embeddable":true,"href":"https:\/\/www.lodelmomentoloja.com\/index.php?rest_route=\/wp\/v2\/users\/1"}],"replies":[{"embeddable":true,"href":"https:\/\/www.lodelmomentoloja.com\/index.php?rest_route=%2Fwp%2Fv2%2Fcomments&post=25586"}],"version-history":[{"count":1,"href":"https:\/\/www.lodelmomentoloja.com\/index.php?rest_route=\/wp\/v2\/posts\/25586\/revisions"}],"predecessor-version":[{"id":25589,"href":"https:\/\/www.lodelmomentoloja.com\/index.php?rest_route=\/wp\/v2\/posts\/25586\/revisions\/25589"}],"wp:featuredmedia":[{"embeddable":true,"href":"https:\/\/www.lodelmomentoloja.com\/index.php?rest_route=\/wp\/v2\/media\/25588"}],"wp:attachment":[{"href":"https:\/\/www.lodelmomentoloja.com\/index.php?rest_route=%2Fwp%2Fv2%2Fmedia&parent=25586"}],"wp:term":[{"taxonomy":"category","embeddable":true,"href":"https:\/\/www.lodelmomentoloja.com\/index.php?rest_route=%2Fwp%2Fv2%2Fcategories&post=25586"},{"taxonomy":"post_tag","embeddable":true,"href":"https:\/\/www.lodelmomentoloja.com\/index.php?rest_route=%2Fwp%2Fv2%2Ftags&post=25586"}],"curies":[{"name":"wp","href":"https:\/\/api.w.org\/{rel}","templated":true}]}}