{"id":25580,"date":"2025-04-22T09:14:01","date_gmt":"2025-04-22T09:14:01","guid":{"rendered":"https:\/\/www.lodelmomentoloja.com\/?p=25580"},"modified":"2025-04-22T14:15:47","modified_gmt":"2025-04-22T14:15:47","slug":"vaticano-difunde-primeras-imagenes-del-papa-francisco-en-su-feretro","status":"publish","type":"post","link":"https:\/\/www.lodelmomentoloja.com\/?p=25580","title":{"rendered":"VATICANO DIFUNDE PRIMERAS IM\u00c1GENES DEL PAPA FRANCISCO EN SU F\u00c9RETRO"},"content":{"rendered":"<p>\ud83d\udd4a\ufe0f\u271d\ufe0f\u26ea \u00a1Restos mortales! Este 22 de abril, el Vaticano difundi\u00f3 las primeras im\u00e1genes del Papa Francisco, f4ll3c1d0 este lunes a los 88 a\u00f1os de edad. El Pont\u00edfice yace en un ata\u00fad de madera abierta sin el catafalco, en la Capilla de Santa Marta, lugar donde resid\u00eda desde el inicio de su pontificado en 2013.<\/p>\n<p>El mismo ser\u00e1 trasladado a la Bas\u00edlica de San Pedro, para su veneraci\u00f3n publica el 23 de abril del 2025.<\/p>\n<p>\ud83c\udf10\u2705 S\u00edguenos en nuestra p\u00e1gina verificada: https:\/\/www.facebook.com\/lodelmomentolojaEC<\/p>\n<p>www.lodelmomentoloja.com<br \/>\n#LDMnoticias #lodelmomentolojaLDM<\/p>\n","protected":false},"excerpt":{"rendered":"<p>\ud83d\udd4a\ufe0f\u271d\ufe0f\u26ea \u00a1Restos mortales! Este 22 de abril, el Vaticano difundi\u00f3 las primeras im\u00e1genes del Papa&#8230;<\/p>\n","protected":false},"author":1,"featured_media":25581,"comment_status":"open","ping_status":"open","sticky":false,"template":"","format":"standard","meta":{"footnotes":""},"categories":[7,1,4,5],"tags":[],"class_list":["post-25580","post","type-post","status-publish","format-standard","has-post-thumbnail","hentry","category-ecuador","category-inicio","category-internacional","category-loja"],"_links":{"self":[{"href":"https:\/\/www.lodelmomentoloja.com\/index.php?rest_route=\/wp\/v2\/posts\/25580"}],"collection":[{"href":"https:\/\/www.lodelmomentoloja.com\/index.php?rest_route=\/wp\/v2\/posts"}],"about":[{"href":"https:\/\/www.lodelmomentoloja.com\/index.php?rest_route=\/wp\/v2\/types\/post"}],"author":[{"embeddable":true,"href":"https:\/\/www.lodelmomentoloja.com\/index.php?rest_route=\/wp\/v2\/users\/1"}],"replies":[{"embeddable":true,"href":"https:\/\/www.lodelmomentoloja.com\/index.php?rest_route=%2Fwp%2Fv2%2Fcomments&post=25580"}],"version-history":[{"count":1,"href":"https:\/\/www.lodelmomentoloja.com\/index.php?rest_route=\/wp\/v2\/posts\/25580\/revisions"}],"predecessor-version":[{"id":25582,"href":"https:\/\/www.lodelmomentoloja.com\/index.php?rest_route=\/wp\/v2\/posts\/25580\/revisions\/25582"}],"wp:featuredmedia":[{"embeddable":true,"href":"https:\/\/www.lodelmomentoloja.com\/index.php?rest_route=\/wp\/v2\/media\/25581"}],"wp:attachment":[{"href":"https:\/\/www.lodelmomentoloja.com\/index.php?rest_route=%2Fwp%2Fv2%2Fmedia&parent=25580"}],"wp:term":[{"taxonomy":"category","embeddable":true,"href":"https:\/\/www.lodelmomentoloja.com\/index.php?rest_route=%2Fwp%2Fv2%2Fcategories&post=25580"},{"taxonomy":"post_tag","embeddable":true,"href":"https:\/\/www.lodelmomentoloja.com\/index.php?rest_route=%2Fwp%2Fv2%2Ftags&post=25580"}],"curies":[{"name":"wp","href":"https:\/\/api.w.org\/{rel}","templated":true}]}}