{"id":25567,"date":"2025-04-21T12:45:42","date_gmt":"2025-04-21T12:45:42","guid":{"rendered":"https:\/\/www.lodelmomentoloja.com\/?p=25567"},"modified":"2025-04-21T17:48:38","modified_gmt":"2025-04-21T17:48:38","slug":"asi-se-elegira-al-nuevo-papa","status":"publish","type":"post","link":"https:\/\/www.lodelmomentoloja.com\/?p=25567","title":{"rendered":"AS\u00cd SE ELEGIR\u00c1 AL NUEVO PAPA"},"content":{"rendered":"<p>\ud83d\ude31\u26ea\u271d\ufe0f\u00a1Este es el proceso! Tras el f4ll3c1m13nt0 de Jorge Mario Bergoglio, se inicia uno de los procesos m\u00e1s misteriosos e hist\u00f3ricos de la Iglesia cat\u00f3lica: el c\u00f3nclave (Junta de los cardenales de la Iglesia, reunida para elegir papa (menor a 80 a\u00f1os de edad)), a su vez inicia la denominada Sede Vacante, que es el periodo en el que la Iglesia Cat\u00f3lica, no tiene un Sumo Pont\u00edfice, por lo cual, en esta ocasi\u00f3n, el Camarlengo del catolicismo, anuncia los pasos a seguir.<\/p>\n<p>\ud83d\udd38Confirmaci\u00f3n de la mv3rte: El Cardenal (Kevin Farrel) encargado de administrar la Iglesia en este periodo, verifica oficialmente la mv3rt3 del papa.<br \/>\n\ud83d\udd38Cierre de los aposentos papales: Se sella la habitaci\u00f3n del Papa y se destruye su anillo del pescador, s\u00edmbolo de la autoridad, para evitar falsificaciones de documentos.<br \/>\n\ud83d\udd38Funeral y Luto: Papa Francisco pidi\u00f3 ser enterrado en la Bas\u00edlica Santa Mar\u00eda Mayor, en lugar del Vaticano, donde usualmente se realiza el sepelio entre 4 y 6 d\u00edas tras el deceso.<br \/>\n\ud83d\udd38Convocatoria del C\u00f3nclave: Tras 9 d\u00edas de luto, los Cardenales a nivel mundial se re\u00fanen en la Capilla Sixtina para elegir al nuevo Papa (Voto Secreto).<br \/>\n\ud83d\udd38Elecci\u00f3n del Nuevo Papa: Cuando se elige al nuevo Papa, se quema la papeleta con qu\u00edmicos para que el humo salga de color blanco por la Chimenea de la Capilla Sixtina, esto tambi\u00e9n es conocido como &#8220;Habemos Papam&#8221;.<br \/>\n\ud83d\udd38Inicio del nuevo Pontificado: El nuevo Papa elige su nombre y comienza su liderazgo sobre la Iglesia Cat\u00f3lica.<\/p>\n<p>Durante este periodo se contempla: El Camarlengo asume la administraci\u00f3n ordinaria del Vaticano.<\/p>\n<p>\ud83c\udf10\u2705 S\u00edguenos en nuestra p\u00e1gina verificada: https:\/\/www.facebook.com\/lodelmomentolojaEC<\/p>\n<p>www.lodelmomentoloja.com<br \/>\n#LDMnoticias #lodelmomentolojaLDM<\/p>\n","protected":false},"excerpt":{"rendered":"<p>\ud83d\ude31\u26ea\u271d\ufe0f\u00a1Este es el proceso! Tras el f4ll3c1m13nt0 de Jorge Mario Bergoglio, se inicia uno de&#8230;<\/p>\n","protected":false},"author":1,"featured_media":25568,"comment_status":"open","ping_status":"open","sticky":false,"template":"","format":"standard","meta":{"footnotes":""},"categories":[7,1,5],"tags":[],"class_list":["post-25567","post","type-post","status-publish","format-standard","has-post-thumbnail","hentry","category-ecuador","category-inicio","category-loja"],"_links":{"self":[{"href":"https:\/\/www.lodelmomentoloja.com\/index.php?rest_route=\/wp\/v2\/posts\/25567"}],"collection":[{"href":"https:\/\/www.lodelmomentoloja.com\/index.php?rest_route=\/wp\/v2\/posts"}],"about":[{"href":"https:\/\/www.lodelmomentoloja.com\/index.php?rest_route=\/wp\/v2\/types\/post"}],"author":[{"embeddable":true,"href":"https:\/\/www.lodelmomentoloja.com\/index.php?rest_route=\/wp\/v2\/users\/1"}],"replies":[{"embeddable":true,"href":"https:\/\/www.lodelmomentoloja.com\/index.php?rest_route=%2Fwp%2Fv2%2Fcomments&post=25567"}],"version-history":[{"count":1,"href":"https:\/\/www.lodelmomentoloja.com\/index.php?rest_route=\/wp\/v2\/posts\/25567\/revisions"}],"predecessor-version":[{"id":25569,"href":"https:\/\/www.lodelmomentoloja.com\/index.php?rest_route=\/wp\/v2\/posts\/25567\/revisions\/25569"}],"wp:featuredmedia":[{"embeddable":true,"href":"https:\/\/www.lodelmomentoloja.com\/index.php?rest_route=\/wp\/v2\/media\/25568"}],"wp:attachment":[{"href":"https:\/\/www.lodelmomentoloja.com\/index.php?rest_route=%2Fwp%2Fv2%2Fmedia&parent=25567"}],"wp:term":[{"taxonomy":"category","embeddable":true,"href":"https:\/\/www.lodelmomentoloja.com\/index.php?rest_route=%2Fwp%2Fv2%2Fcategories&post=25567"},{"taxonomy":"post_tag","embeddable":true,"href":"https:\/\/www.lodelmomentoloja.com\/index.php?rest_route=%2Fwp%2Fv2%2Ftags&post=25567"}],"curies":[{"name":"wp","href":"https:\/\/api.w.org\/{rel}","templated":true}]}}