{"id":25563,"date":"2025-04-21T11:36:04","date_gmt":"2025-04-21T11:36:04","guid":{"rendered":"https:\/\/www.lodelmomentoloja.com\/?p=25563"},"modified":"2025-04-21T16:39:07","modified_gmt":"2025-04-21T16:39:07","slug":"luto-en-la-iglesia-catolica-tras-el-fallecimiento-de-jorge-bergoglio-papa-francisco","status":"publish","type":"post","link":"https:\/\/www.lodelmomentoloja.com\/?p=25563","title":{"rendered":"LUTO EN LA IGLESIA CAT\u00d3LICA, TRAS EL FALLECIMIENTO DE JORGE BERGOGLIO (PAPA FRANCISCO)"},"content":{"rendered":"<p class=\"selectable-text copyable-text x15bjb6t x1n2onr6\" dir=\"ltr\"><span class=\"x19la9d6 x1fc57z9 x6ikm8r x10wlt62 x19co3pv x1g5zs5t xfibh0p xiy17q3 x1xsqp64 x1lkfr7t xexx8yu x4uap5 x18d9i69 xkhd6sd\"><span class=\"xrtxmta x1bhl96m\">\ud83d\ude2d<\/span><\/span><span class=\"x19la9d6 x1fc57z9 x6ikm8r x10wlt62 x19co3pv x1g5zs5t xfibh0p xiy17q3 x1xsqp64 x1lkfr7t xexx8yu x4uap5 x18d9i69 xkhd6sd\"><span class=\"xrtxmta x1bhl96m\">\u271d\ufe0f<\/span><\/span><span class=\"x19la9d6 x1fc57z9 x6ikm8r x10wlt62 x19co3pv x1g5zs5t xfibh0p xiy17q3 x1xsqp64 x1lkfr7t xexx8yu x4uap5 x18d9i69 xkhd6sd\"><span class=\"xrtxmta x1bhl96m\">\ud83d\udd4a\ufe0f<\/span><\/span><span class=\"selectable-text copyable-text false\">\u00a1Lamentable partida! En horas de la ma\u00f1ana de este lunes 21 de abril de 2025, el Vaticano confirm\u00f3 el f4ll3c1m13nt0 del papa Francisco a sus 88 a\u00f1os de edad. Francisco se convirti\u00f3 en el primer Papa latinoamericano en la historia de la iglesia cat\u00f3lica y durante los \u00faltimos meses, su cuadro de salud se vio gravemente afectado, en el siguiente reportaje te contamos los detalles.<\/span><\/p>\n<div style=\"width: 640px;\" class=\"wp-video\"><!--[if lt IE 9]><script>document.createElement('video');<\/script><![endif]-->\n<video class=\"wp-video-shortcode\" id=\"video-25563-1\" width=\"640\" height=\"360\" preload=\"metadata\" controls=\"controls\"><source type=\"video\/mp4\" src=\"http:\/\/www.lodelmomentoloja.com\/wp-content\/uploads\/2025\/04\/MV3RT3-DEL-PAPA-FRANCISCO-REDUCIDO.mp4?_=1\" \/><a href=\"http:\/\/www.lodelmomentoloja.com\/wp-content\/uploads\/2025\/04\/MV3RT3-DEL-PAPA-FRANCISCO-REDUCIDO.mp4\">http:\/\/www.lodelmomentoloja.com\/wp-content\/uploads\/2025\/04\/MV3RT3-DEL-PAPA-FRANCISCO-REDUCIDO.mp4<\/a><\/video><\/div>\n<p class=\"selectable-text copyable-text x15bjb6t x1n2onr6\" dir=\"ltr\"><span class=\"selectable-text copyable-text false\"><\/p>\n<p><\/span><\/p>\n<p>Francisco se convirti\u00f3 en el primer Papa latinoamericano en la historia de la iglesia cat\u00f3lica y durante los \u00faltimos meses, su cuadro de salud se vio gravemente afectado. En febrero de 2025, el Sumo Pont\u00edfice fue ingresado al hospital Gemelli de Roma debido a una bronquitis; luego, le diagnosticaron una neumon\u00eda en ambos pulmones que requiri\u00f3 de un intenso tratamiento m\u00e9dico que alert\u00f3 a miles de religiosos en todo el mundo, sin embargo, el 23 de marzo fue dado de alta.<\/p>\n<p>Este domingo 20 de abril, todav\u00eda convaleciente, hizo su \u00faltima en el balc\u00f3n de la Bas\u00edlica de San Pedro del Vaticano para dar la bendici\u00f3n Urbi et Orbi en la Misa de Pascua, donde tambi\u00e9n dio su \u00faltimo discurso, un mensaje que, para la creencia de muchos cat\u00f3licos, fue la despedida del Papa Francisco.<\/p>\n<p>Jorge Mario Bergoglio naci\u00f3 en Buenos Aires, Argentina un 17 de diciembre de 1936 y fue elegido como el Papa 226\u00ba de la Iglesia Cat\u00f3lica el 13 de marzo de 2013, tras la renuncia de su antecesor Benedicto XVI. Su elecci\u00f3n marc\u00f3 un hito para la historia del Vaticano, puesto que, fue el primer Papa proveniente de Am\u00e9rica Latina.<\/p>\n<p>Durante sus 12 a\u00f1os de pontificado, el l\u00edder religioso se caracteriz\u00f3 por promover la justicia social, la inclusi\u00f3n y la protecci\u00f3n del medio ambiente, con un fuerte llamado a la reconciliaci\u00f3n, as\u00ed como sus dedicar sus esfuerzos a acerca a la Iglesia con los sectores m\u00e1s vulnerables.<\/p>\n<p>Una de las decisiones m\u00e1s pol\u00e9micas del Sumo Pont\u00edfice ocurri\u00f3 en 2023, cuando autoriz\u00f3 la bendici\u00f3n de parejas del mismo sexo, una decisi\u00f3n que provoc\u00f3 reacciones a favor y en contra del Papa Francisco.<\/p>\n<p>Ante su lamentable partida, mandatarios de todo el mundo han extendido sus condolencias y en el Vaticano se prev\u00e9n nueve d\u00edas de luto donde se realizar\u00e1n actos protocolarios para su despedida. Y, en un plazo de entre 15 y 20 d\u00edas se organizar\u00e1 un c\u00f3nclave con cerca de 130 cardenales que elegir\u00e1n al sucesor del Papa Francisco, entre los cuales, tambi\u00e9n estar\u00e1 participando el cardenal ecuatoriano, Luis Cabrera. Mientras tanto, se conoce que, el cardenal irland\u00e9s, Kevin Farell ocupar\u00e1 el cargo de manera temporal.<\/p>\n<p class=\"selectable-text copyable-text x15bjb6t x1n2onr6\" dir=\"ltr\"><span class=\"selectable-text copyable-text false\"><\/p>\n<p>Noticia completa <\/span><span class=\"x19la9d6 x1fc57z9 x6ikm8r x10wlt62 x19co3pv x1g5zs5t xfibh0p xiy17q3 x1xsqp64 x1lkfr7t xexx8yu x4uap5 x18d9i69 xkhd6sd\"><span class=\"xrtxmta x1bhl96m\">\ud83d\udcf2 https:\/\/youtu.be\/2N9GvVZD3xo<\/span><\/span><\/p>\n<p class=\"selectable-text copyable-text x15bjb6t x1n2onr6\" dir=\"ltr\"><span class=\"x19la9d6 x1fc57z9 x6ikm8r x10wlt62 x19co3pv x1g5zs5t xfibh0p xiy17q3 x1xsqp64 x1lkfr7t xexx8yu x4uap5 x18d9i69 xkhd6sd\"><span class=\"xrtxmta x1bhl96m\">\ud83c\udf10<\/span><\/span><span class=\"x19la9d6 x1fc57z9 x6ikm8r x10wlt62 x19co3pv x1g5zs5t xfibh0p xiy17q3 x1xsqp64 x1lkfr7t xexx8yu x4uap5 x18d9i69 xkhd6sd\"><span class=\"xrtxmta x1bhl96m\">\u2705<\/span><\/span><span class=\"selectable-text copyable-text false\"> S\u00edguenos en nuestra p\u00e1gina verificada: <\/span><span class=\"selectable-text copyable-text false\">https:\/\/www.facebook.com\/lodelmomentolojaEC<\/span><\/p>\n<p class=\"selectable-text copyable-text x15bjb6t x1n2onr6\" dir=\"ltr\"><span class=\"selectable-text copyable-text false\">www.lodelmomentoloja.com<\/span><\/p>\n<p class=\"selectable-text copyable-text x15bjb6t x1n2onr6\" dir=\"ltr\"><span class=\"selectable-text copyable-text false\">#LDMnoticias #lodelmomentolojaLDM<\/span><\/p>\n","protected":false},"excerpt":{"rendered":"<p>\ud83d\ude2d\u271d\ufe0f\ud83d\udd4a\ufe0f\u00a1Lamentable partida! En horas de la ma\u00f1ana de este lunes 21 de abril de 2025,&#8230;<\/p>\n","protected":false},"author":1,"featured_media":25565,"comment_status":"open","ping_status":"open","sticky":false,"template":"","format":"standard","meta":{"footnotes":""},"categories":[7,1,4,5],"tags":[],"class_list":["post-25563","post","type-post","status-publish","format-standard","has-post-thumbnail","hentry","category-ecuador","category-inicio","category-internacional","category-loja"],"_links":{"self":[{"href":"https:\/\/www.lodelmomentoloja.com\/index.php?rest_route=\/wp\/v2\/posts\/25563"}],"collection":[{"href":"https:\/\/www.lodelmomentoloja.com\/index.php?rest_route=\/wp\/v2\/posts"}],"about":[{"href":"https:\/\/www.lodelmomentoloja.com\/index.php?rest_route=\/wp\/v2\/types\/post"}],"author":[{"embeddable":true,"href":"https:\/\/www.lodelmomentoloja.com\/index.php?rest_route=\/wp\/v2\/users\/1"}],"replies":[{"embeddable":true,"href":"https:\/\/www.lodelmomentoloja.com\/index.php?rest_route=%2Fwp%2Fv2%2Fcomments&post=25563"}],"version-history":[{"count":1,"href":"https:\/\/www.lodelmomentoloja.com\/index.php?rest_route=\/wp\/v2\/posts\/25563\/revisions"}],"predecessor-version":[{"id":25566,"href":"https:\/\/www.lodelmomentoloja.com\/index.php?rest_route=\/wp\/v2\/posts\/25563\/revisions\/25566"}],"wp:featuredmedia":[{"embeddable":true,"href":"https:\/\/www.lodelmomentoloja.com\/index.php?rest_route=\/wp\/v2\/media\/25565"}],"wp:attachment":[{"href":"https:\/\/www.lodelmomentoloja.com\/index.php?rest_route=%2Fwp%2Fv2%2Fmedia&parent=25563"}],"wp:term":[{"taxonomy":"category","embeddable":true,"href":"https:\/\/www.lodelmomentoloja.com\/index.php?rest_route=%2Fwp%2Fv2%2Fcategories&post=25563"},{"taxonomy":"post_tag","embeddable":true,"href":"https:\/\/www.lodelmomentoloja.com\/index.php?rest_route=%2Fwp%2Fv2%2Ftags&post=25563"}],"curies":[{"name":"wp","href":"https:\/\/api.w.org\/{rel}","templated":true}]}}