{"id":25560,"date":"2025-04-21T10:29:01","date_gmt":"2025-04-21T10:29:01","guid":{"rendered":"https:\/\/www.lodelmomentoloja.com\/?p=25560"},"modified":"2025-04-21T15:30:08","modified_gmt":"2025-04-21T15:30:08","slug":"presidente-de-ecuador-se-pronuncia-tras-el-fallecimiento-del-papa","status":"publish","type":"post","link":"https:\/\/www.lodelmomentoloja.com\/?p=25560","title":{"rendered":"PRESIDENTE DE ECUADOR SE PRONUNCIA TRAS EL FALLECIMIENTO DEL PAPA"},"content":{"rendered":"<p>\ud83c\uddea\ud83c\udde8\ud83d\udd4a\ufe0f\ud83d\ude4f\ud83c\udffb \u00a1Adi\u00f3s desde ECU! El primer mandatario del Ecuador, Daniel Noboa, ha reaccionado ante el fallecimiento del Papa Francisco y mediante su cuenta de X en la que resalta la p\u00e9rdida del l\u00edder espiritual, que a decir de Noboa, marc\u00f3 una era con valent\u00eda de hacer las cosas diferentes con sencillez, y su fe. &#8220;Desde Ecuador, nos unimos en oraci\u00f3n a toda la iglesia y a los millones de fieles que hoy lloran la partida del Papa Francisco&#8221; mencion\u00f3 el presidente.<\/p>\n<p>\ud83c\udf10\u2705 S\u00edguenos en nuestra p\u00e1gina verificada: https:\/\/www.facebook.com\/lodelmomentolojaEC<\/p>\n<p>www.lodelmomentoloja.com<br \/>\n#LDMnoticias #lodelmomentolojaLDM<\/p>\n","protected":false},"excerpt":{"rendered":"<p>\ud83c\uddea\ud83c\udde8\ud83d\udd4a\ufe0f\ud83d\ude4f\ud83c\udffb \u00a1Adi\u00f3s desde ECU! El primer mandatario del Ecuador, Daniel Noboa, ha reaccionado ante el&#8230;<\/p>\n","protected":false},"author":1,"featured_media":25561,"comment_status":"open","ping_status":"open","sticky":false,"template":"","format":"standard","meta":{"footnotes":""},"categories":[7,1,5],"tags":[],"class_list":["post-25560","post","type-post","status-publish","format-standard","has-post-thumbnail","hentry","category-ecuador","category-inicio","category-loja"],"_links":{"self":[{"href":"https:\/\/www.lodelmomentoloja.com\/index.php?rest_route=\/wp\/v2\/posts\/25560"}],"collection":[{"href":"https:\/\/www.lodelmomentoloja.com\/index.php?rest_route=\/wp\/v2\/posts"}],"about":[{"href":"https:\/\/www.lodelmomentoloja.com\/index.php?rest_route=\/wp\/v2\/types\/post"}],"author":[{"embeddable":true,"href":"https:\/\/www.lodelmomentoloja.com\/index.php?rest_route=\/wp\/v2\/users\/1"}],"replies":[{"embeddable":true,"href":"https:\/\/www.lodelmomentoloja.com\/index.php?rest_route=%2Fwp%2Fv2%2Fcomments&post=25560"}],"version-history":[{"count":1,"href":"https:\/\/www.lodelmomentoloja.com\/index.php?rest_route=\/wp\/v2\/posts\/25560\/revisions"}],"predecessor-version":[{"id":25562,"href":"https:\/\/www.lodelmomentoloja.com\/index.php?rest_route=\/wp\/v2\/posts\/25560\/revisions\/25562"}],"wp:featuredmedia":[{"embeddable":true,"href":"https:\/\/www.lodelmomentoloja.com\/index.php?rest_route=\/wp\/v2\/media\/25561"}],"wp:attachment":[{"href":"https:\/\/www.lodelmomentoloja.com\/index.php?rest_route=%2Fwp%2Fv2%2Fmedia&parent=25560"}],"wp:term":[{"taxonomy":"category","embeddable":true,"href":"https:\/\/www.lodelmomentoloja.com\/index.php?rest_route=%2Fwp%2Fv2%2Fcategories&post=25560"},{"taxonomy":"post_tag","embeddable":true,"href":"https:\/\/www.lodelmomentoloja.com\/index.php?rest_route=%2Fwp%2Fv2%2Ftags&post=25560"}],"curies":[{"name":"wp","href":"https:\/\/api.w.org\/{rel}","templated":true}]}}