{"id":25557,"date":"2025-04-21T10:21:35","date_gmt":"2025-04-21T10:21:35","guid":{"rendered":"https:\/\/www.lodelmomentoloja.com\/?p=25557"},"modified":"2025-04-21T15:26:37","modified_gmt":"2025-04-21T15:26:37","slug":"rito-de-constatacion-de-la-mu3rt3-el-papa-francisco","status":"publish","type":"post","link":"https:\/\/www.lodelmomentoloja.com\/?p=25557","title":{"rendered":"RITO DE CONSTATACI\u00d3N DE LA MU3RT3 EL PAPA FRANCISCO."},"content":{"rendered":"<p>\ud83d\udd4a\ufe0f\u271d\ufe0f\u26ea\u00a1Rito solemne! El Vaticano confirm\u00f3 que este 21 de abril, se realizar\u00e1 el rito de constataci\u00f3n de la mv3rte del papa Francisco, un procedimiento lit\u00fargico fundamental que marca el inicio del protocolo funerario en la Santa Sede. Seg\u00fan inform\u00f3 la Oficina de las Celebraciones Lit\u00fargicas del Sumo Pont\u00edfice, el Camarlengo, cardenal Kevin Joseph Farrell, ser\u00e1 el encargado de presidir el acto a las 20:00 (hora local) en la Capilla de la Domus Sanct\u00e6 Marth\u00e6, donde resid\u00eda el pont\u00edfice argentino.<\/p>\n<p>El comunicado adem\u00e1s detalla que el rito incluir\u00e1 la constataci\u00f3n formal del fallecimiento y la colocaci\u00f3n del cuerpo en el f\u00e9retro, en conformidad con las disposiciones del Ordo Exsequiarum Romani Pontificis.<\/p>\n<p>\ud83c\udf10\u2705 S\u00edguenos en nuestra p\u00e1gina verificada: https:\/\/www.facebook.com\/lodelmomentolojaEC<\/p>\n<p>www.lodelmomentoloja.com<br \/>\n#LDMnoticias #lodelmomentolojaLDM<\/p>\n","protected":false},"excerpt":{"rendered":"<p>\ud83d\udd4a\ufe0f\u271d\ufe0f\u26ea\u00a1Rito solemne! El Vaticano confirm\u00f3 que este 21 de abril, se realizar\u00e1 el rito de&#8230;<\/p>\n","protected":false},"author":1,"featured_media":25558,"comment_status":"open","ping_status":"open","sticky":false,"template":"","format":"standard","meta":{"footnotes":""},"categories":[7,1,5],"tags":[],"class_list":["post-25557","post","type-post","status-publish","format-standard","has-post-thumbnail","hentry","category-ecuador","category-inicio","category-loja"],"_links":{"self":[{"href":"https:\/\/www.lodelmomentoloja.com\/index.php?rest_route=\/wp\/v2\/posts\/25557"}],"collection":[{"href":"https:\/\/www.lodelmomentoloja.com\/index.php?rest_route=\/wp\/v2\/posts"}],"about":[{"href":"https:\/\/www.lodelmomentoloja.com\/index.php?rest_route=\/wp\/v2\/types\/post"}],"author":[{"embeddable":true,"href":"https:\/\/www.lodelmomentoloja.com\/index.php?rest_route=\/wp\/v2\/users\/1"}],"replies":[{"embeddable":true,"href":"https:\/\/www.lodelmomentoloja.com\/index.php?rest_route=%2Fwp%2Fv2%2Fcomments&post=25557"}],"version-history":[{"count":1,"href":"https:\/\/www.lodelmomentoloja.com\/index.php?rest_route=\/wp\/v2\/posts\/25557\/revisions"}],"predecessor-version":[{"id":25559,"href":"https:\/\/www.lodelmomentoloja.com\/index.php?rest_route=\/wp\/v2\/posts\/25557\/revisions\/25559"}],"wp:featuredmedia":[{"embeddable":true,"href":"https:\/\/www.lodelmomentoloja.com\/index.php?rest_route=\/wp\/v2\/media\/25558"}],"wp:attachment":[{"href":"https:\/\/www.lodelmomentoloja.com\/index.php?rest_route=%2Fwp%2Fv2%2Fmedia&parent=25557"}],"wp:term":[{"taxonomy":"category","embeddable":true,"href":"https:\/\/www.lodelmomentoloja.com\/index.php?rest_route=%2Fwp%2Fv2%2Fcategories&post=25557"},{"taxonomy":"post_tag","embeddable":true,"href":"https:\/\/www.lodelmomentoloja.com\/index.php?rest_route=%2Fwp%2Fv2%2Ftags&post=25557"}],"curies":[{"name":"wp","href":"https:\/\/api.w.org\/{rel}","templated":true}]}}