{"id":25554,"date":"2025-04-21T09:20:46","date_gmt":"2025-04-21T09:20:46","guid":{"rendered":"https:\/\/www.lodelmomentoloja.com\/?p=25554"},"modified":"2025-04-21T14:21:46","modified_gmt":"2025-04-21T14:21:46","slug":"ultima-bendicion-del-papa-francisco","status":"publish","type":"post","link":"https:\/\/www.lodelmomentoloja.com\/?p=25554","title":{"rendered":"\u00daLTIMA BENDICI\u00d3N DEL PAPA FRANCISCO"},"content":{"rendered":"<p>\ud83e\udd7a\u26ea\u271d\ufe0f\u00a1Cari fratelli e sorelle Bouna Pasqua! La \u00faltima aparici\u00f3n p\u00fablica del Papa Francisco hab\u00eda sido la tarde del domingo 20 de abril de 2025, en donde m\u00e1s de 35.000 fieles se congregaron, cuando particip\u00f3 de la misa de Pascuas desde el balc\u00f3n de la bas\u00edlica de San Pedro. En silla de ruedas y sin las c\u00e1nulas nasales para el ox\u00edgeno, Jorge Bergoglio realiz\u00f3 la tradicional bendici\u00f3n \u201cUrbi et Orbi\u201d, donde hizo un contundente llamamiento por la libertad religiosa como condici\u00f3n indispensable para la paz en el mundo.<\/p>\n<p>\ud83c\udf10\u2705 S\u00edguenos en nuestra p\u00e1gina verificada: https:\/\/www.facebook.com\/lodelmomentolojaEC<\/p>\n<p>www.lodelmomentoloja.com<br \/>\n#LDMnoticias #lodelmomentolojaLDM<\/p>\n","protected":false},"excerpt":{"rendered":"<p>\ud83e\udd7a\u26ea\u271d\ufe0f\u00a1Cari fratelli e sorelle Bouna Pasqua! La \u00faltima aparici\u00f3n p\u00fablica del Papa Francisco hab\u00eda sido&#8230;<\/p>\n","protected":false},"author":1,"featured_media":25555,"comment_status":"open","ping_status":"open","sticky":false,"template":"","format":"standard","meta":{"footnotes":""},"categories":[7,1,4],"tags":[],"class_list":["post-25554","post","type-post","status-publish","format-standard","has-post-thumbnail","hentry","category-ecuador","category-inicio","category-internacional"],"_links":{"self":[{"href":"https:\/\/www.lodelmomentoloja.com\/index.php?rest_route=\/wp\/v2\/posts\/25554"}],"collection":[{"href":"https:\/\/www.lodelmomentoloja.com\/index.php?rest_route=\/wp\/v2\/posts"}],"about":[{"href":"https:\/\/www.lodelmomentoloja.com\/index.php?rest_route=\/wp\/v2\/types\/post"}],"author":[{"embeddable":true,"href":"https:\/\/www.lodelmomentoloja.com\/index.php?rest_route=\/wp\/v2\/users\/1"}],"replies":[{"embeddable":true,"href":"https:\/\/www.lodelmomentoloja.com\/index.php?rest_route=%2Fwp%2Fv2%2Fcomments&post=25554"}],"version-history":[{"count":1,"href":"https:\/\/www.lodelmomentoloja.com\/index.php?rest_route=\/wp\/v2\/posts\/25554\/revisions"}],"predecessor-version":[{"id":25556,"href":"https:\/\/www.lodelmomentoloja.com\/index.php?rest_route=\/wp\/v2\/posts\/25554\/revisions\/25556"}],"wp:featuredmedia":[{"embeddable":true,"href":"https:\/\/www.lodelmomentoloja.com\/index.php?rest_route=\/wp\/v2\/media\/25555"}],"wp:attachment":[{"href":"https:\/\/www.lodelmomentoloja.com\/index.php?rest_route=%2Fwp%2Fv2%2Fmedia&parent=25554"}],"wp:term":[{"taxonomy":"category","embeddable":true,"href":"https:\/\/www.lodelmomentoloja.com\/index.php?rest_route=%2Fwp%2Fv2%2Fcategories&post=25554"},{"taxonomy":"post_tag","embeddable":true,"href":"https:\/\/www.lodelmomentoloja.com\/index.php?rest_route=%2Fwp%2Fv2%2Ftags&post=25554"}],"curies":[{"name":"wp","href":"https:\/\/api.w.org\/{rel}","templated":true}]}}