{"id":25551,"date":"2025-04-21T08:19:04","date_gmt":"2025-04-21T08:19:04","guid":{"rendered":"https:\/\/www.lodelmomentoloja.com\/?p=25551"},"modified":"2025-04-21T14:20:37","modified_gmt":"2025-04-21T14:20:37","slug":"fallece-papa-francisco","status":"publish","type":"post","link":"https:\/\/www.lodelmomentoloja.com\/?p=25551","title":{"rendered":"FALLECE PAPA FRANCISCO"},"content":{"rendered":"<p>\ud83d\ude2d\u271d\ufe0f\u26ea\u00a1Luto en la iglesia cat\u00f3lica! Jorge Mario Bergoglio (Papa Francisco), f4ll3c1\u00f3 este 21 de abril a los 88 a\u00f1os de edad, tras complicaciones derivadas de un cuadro respiratorio.<\/p>\n<p>&#8220;Con profundo dolor tengo que anunciar que el papa Francisco ha muerto a las 7.35 horas de hoy, el obispo de Roma ha vuelto a la casa del padre, su vida entera ha estado dedicada servicio del Se\u00f1or y de su Iglesia y nos ha ense\u00f1ado el valor del evangelio con fidelidad, valor y amor universal y en manera particular a favor de los m\u00e1s pobres y marginados&#8221;, anunci\u00f3 el cardenal Kevin Joseph Farrel, camarlengo del Vaticano.<\/p>\n<p>Francisco fue el primer sudamericano y el primer jesu\u00edta en llegar a ocupar la posici\u00f3n m\u00e1s importante de la Iglesia Cat\u00f3lica.<\/p>\n<p>\ud83c\udf10\u2705 S\u00edguenos en nuestra p\u00e1gina verificada: https:\/\/www.facebook.com\/lodelmomentolojaEC<\/p>\n<p>www.lodelmomentoloja.com<br \/>\n#LDMnoticias #lodelmomentolojaLDM<\/p>\n","protected":false},"excerpt":{"rendered":"<p>\ud83d\ude2d\u271d\ufe0f\u26ea\u00a1Luto en la iglesia cat\u00f3lica! Jorge Mario Bergoglio (Papa Francisco), f4ll3c1\u00f3 este 21 de abril&#8230;<\/p>\n","protected":false},"author":1,"featured_media":25552,"comment_status":"open","ping_status":"open","sticky":false,"template":"","format":"standard","meta":{"footnotes":""},"categories":[7,1,4],"tags":[],"class_list":["post-25551","post","type-post","status-publish","format-standard","has-post-thumbnail","hentry","category-ecuador","category-inicio","category-internacional"],"_links":{"self":[{"href":"https:\/\/www.lodelmomentoloja.com\/index.php?rest_route=\/wp\/v2\/posts\/25551"}],"collection":[{"href":"https:\/\/www.lodelmomentoloja.com\/index.php?rest_route=\/wp\/v2\/posts"}],"about":[{"href":"https:\/\/www.lodelmomentoloja.com\/index.php?rest_route=\/wp\/v2\/types\/post"}],"author":[{"embeddable":true,"href":"https:\/\/www.lodelmomentoloja.com\/index.php?rest_route=\/wp\/v2\/users\/1"}],"replies":[{"embeddable":true,"href":"https:\/\/www.lodelmomentoloja.com\/index.php?rest_route=%2Fwp%2Fv2%2Fcomments&post=25551"}],"version-history":[{"count":1,"href":"https:\/\/www.lodelmomentoloja.com\/index.php?rest_route=\/wp\/v2\/posts\/25551\/revisions"}],"predecessor-version":[{"id":25553,"href":"https:\/\/www.lodelmomentoloja.com\/index.php?rest_route=\/wp\/v2\/posts\/25551\/revisions\/25553"}],"wp:featuredmedia":[{"embeddable":true,"href":"https:\/\/www.lodelmomentoloja.com\/index.php?rest_route=\/wp\/v2\/media\/25552"}],"wp:attachment":[{"href":"https:\/\/www.lodelmomentoloja.com\/index.php?rest_route=%2Fwp%2Fv2%2Fmedia&parent=25551"}],"wp:term":[{"taxonomy":"category","embeddable":true,"href":"https:\/\/www.lodelmomentoloja.com\/index.php?rest_route=%2Fwp%2Fv2%2Fcategories&post=25551"},{"taxonomy":"post_tag","embeddable":true,"href":"https:\/\/www.lodelmomentoloja.com\/index.php?rest_route=%2Fwp%2Fv2%2Ftags&post=25551"}],"curies":[{"name":"wp","href":"https:\/\/api.w.org\/{rel}","templated":true}]}}