{"id":25533,"date":"2025-04-17T13:48:24","date_gmt":"2025-04-17T13:48:24","guid":{"rendered":"https:\/\/www.lodelmomentoloja.com\/?p=25533"},"modified":"2025-04-17T18:50:05","modified_gmt":"2025-04-17T18:50:05","slug":"nuevo-revuelo-dentro-del-movimiento-de-la-rc5-tras-filtracion-de-una-lista","status":"publish","type":"post","link":"https:\/\/www.lodelmomentoloja.com\/?p=25533","title":{"rendered":"NUEVO REVUELO DENTRO DEL MOVIMIENTO DE LA RC5 TRAS FILTRACI\u00d3N DE UNA LISTA"},"content":{"rendered":"<p>Un nuevo revuelo dentro del movimiento de la Revoluci\u00f3n Ciudadana, provoc\u00f3 la filtraci\u00f3n de una supuesta lista en la que, aparentemente, estar\u00edan personas vinculadas a la RC5, as\u00ed como periodistas, personajes pol\u00edticos y consultores de campa\u00f1a del movimiento quienes, al parecer, tendr\u00edan una alerta migratoria, misma que fue difundida por el expresidente Rafael Correa @MashiRafael en su cuenta de X, el mi\u00e9rcoles 16 de abril.<\/p>\n<p>La noticia caus\u00f3 revuelo a tal punto que el excandidato vicepresidencial, Diego Borja @DiegoBorjaPC denunci\u00f3 haber sido retenido arbitrariamente por las autoridades migratorias en el puente internacional de Rumichaca, mientras intentaba viajar a Colombia por motivo de vacaciones de Semana Santa.<\/p>\n<p>Seg\u00fan Borja, sin orden judicial ni explicaci\u00f3n, los agentes intentaron confiscarle su identificaci\u00f3n para su posterior detenci\u00f3n, aduciendo que se tratar\u00eda de una esa una represalia por sus v\u00ednculos pol\u00edticos y sus cr\u00edticas al gobierno actual.<\/p>\n<p>En base a los \u00faltimos acontecimientos, el presidente de Colombia, Gustavo Petro ofreci\u00f3 asilo pol\u00edtico a las figuras que aparecen en dicha lista como Luisa Gonz\u00e1lez, Diego Borja, Aquiles \u00c1lvarez, Andr\u00e9s Arauz, Guillaume Long, entre otros. Pero tambi\u00e9n aparecen los nombres de Ver\u00f3nica Abad, Antonio \u00c1lvarez hermano del alcalde de Guayaquil y actual presidente del Barcelona SC, Ver\u00f3nica Sarauz, viuda de Fernando Villavicencio, y m\u00e1s.<\/p>\n<p>Entre tanto, Borja agradeci\u00f3 al primer mandatario por su solidaridad. \u201cLe saludo desde territorio colombiano, a salvo de la injusta e ilegal persecuci\u00f3n orquestada por el Gobierno de Daniel Noboa\u201d, escribi\u00f3 en su cuenta X.<\/p>\n<p>En relaci\u00f3n con el caso de Borja, el Ministerio del Interior emiti\u00f3 un comunicado se\u00f1al\u00f3 que se trata de procedimientos de control que se realizan conforme a la normativa vigente.<\/p>\n<p>Pero \u00bfQu\u00e9 tan ver\u00eddica es la lista difundida en redes sociales? En la red social X, una publicaci\u00f3n puso en tela de juicio la procedencia de la lista, puesto que, la p\u00e1gina @YourAnonHunters se atribuy\u00f3 el origen del mensaje recalcando que ser\u00eda falso. \u201cSolo para medir tu histeria\u201d dice la publicaci\u00f3n que retuitea el post del expresidente Correa.<\/p>\n<p>Sin embargo, al contrastar los datos de la lista, no existe mayor informaci\u00f3n sobre sobre que valide o rechace el origen de la misma.<\/p>\n<p>\ud83c\udf10\u2705 S\u00edguenos en nuestra p\u00e1gina verificada: https:\/\/www.facebook.com\/lodelmomentolojaEC<\/p>\n<p>www.lodelmomentoloja.com<br \/>\n#LDMnoticias #lodelmomentolojaLDM<\/p>\n","protected":false},"excerpt":{"rendered":"<p>Un nuevo revuelo dentro del movimiento de la Revoluci\u00f3n Ciudadana, provoc\u00f3 la filtraci\u00f3n de una&#8230;<\/p>\n","protected":false},"author":1,"featured_media":25534,"comment_status":"open","ping_status":"open","sticky":false,"template":"","format":"standard","meta":{"footnotes":""},"categories":[7,1,4],"tags":[],"class_list":["post-25533","post","type-post","status-publish","format-standard","has-post-thumbnail","hentry","category-ecuador","category-inicio","category-internacional"],"_links":{"self":[{"href":"https:\/\/www.lodelmomentoloja.com\/index.php?rest_route=\/wp\/v2\/posts\/25533"}],"collection":[{"href":"https:\/\/www.lodelmomentoloja.com\/index.php?rest_route=\/wp\/v2\/posts"}],"about":[{"href":"https:\/\/www.lodelmomentoloja.com\/index.php?rest_route=\/wp\/v2\/types\/post"}],"author":[{"embeddable":true,"href":"https:\/\/www.lodelmomentoloja.com\/index.php?rest_route=\/wp\/v2\/users\/1"}],"replies":[{"embeddable":true,"href":"https:\/\/www.lodelmomentoloja.com\/index.php?rest_route=%2Fwp%2Fv2%2Fcomments&post=25533"}],"version-history":[{"count":1,"href":"https:\/\/www.lodelmomentoloja.com\/index.php?rest_route=\/wp\/v2\/posts\/25533\/revisions"}],"predecessor-version":[{"id":25536,"href":"https:\/\/www.lodelmomentoloja.com\/index.php?rest_route=\/wp\/v2\/posts\/25533\/revisions\/25536"}],"wp:featuredmedia":[{"embeddable":true,"href":"https:\/\/www.lodelmomentoloja.com\/index.php?rest_route=\/wp\/v2\/media\/25534"}],"wp:attachment":[{"href":"https:\/\/www.lodelmomentoloja.com\/index.php?rest_route=%2Fwp%2Fv2%2Fmedia&parent=25533"}],"wp:term":[{"taxonomy":"category","embeddable":true,"href":"https:\/\/www.lodelmomentoloja.com\/index.php?rest_route=%2Fwp%2Fv2%2Fcategories&post=25533"},{"taxonomy":"post_tag","embeddable":true,"href":"https:\/\/www.lodelmomentoloja.com\/index.php?rest_route=%2Fwp%2Fv2%2Ftags&post=25533"}],"curies":[{"name":"wp","href":"https:\/\/api.w.org\/{rel}","templated":true}]}}