{"id":25519,"date":"2025-04-17T12:19:53","date_gmt":"2025-04-17T12:19:53","guid":{"rendered":"https:\/\/www.lodelmomentoloja.com\/?p=25519"},"modified":"2025-04-17T17:28:28","modified_gmt":"2025-04-17T17:28:28","slug":"viacrucis-en-loja-se-realizara-este-viernes-18-de-abril","status":"publish","type":"post","link":"https:\/\/www.lodelmomentoloja.com\/?p=25519","title":{"rendered":"VIACRUCIS EN LOJA SE REALIZAR\u00c1 ESTE VIERNES 18 DE ABRIL."},"content":{"rendered":"<p>El tradicional Viacrucis en la parroquia de El Valle en la ciudad de Loja, considerado el m\u00e1s antiguo y grande de la provincia, se desarrollar\u00e1 este viernes 18 de abril y recorrer\u00e1 las principales calles de la urbe.<\/p>\n<p>Esta actividad, organizada por la parroquia eclesi\u00e1stica y el Comit\u00e9 de la Procesi\u00f3n del Viernes Santo, convoca cada a\u00f1o a cientos de personas, tanto participantes como asistentes. Para el Cuatro Vivo de la Pasi\u00f3n, se estima que participen m\u00e1s de 250 actores locales, incluyendo 30 personajes principales, entre ellos, Josu\u00e9 Pullaguari que interpretar\u00e1 a Jes\u00fas, Carmen Pauta representando a Mar\u00eda, Rocky Armijos a Poncio Pilatos y Rub\u00e9n Armijos a Herodes. A m\u00e1s de los santos varones, cucuruchos, portaestandartes, colaboradores, y p\u00fablico en general que, para esta edici\u00f3n 2025, se espera una asistencia de entre 3.000 y 5.000 personas.<\/p>\n<p>La jornada iniciar\u00e1 alrededor de las 18h00 con el Serm\u00f3n de las Siete Palabras en la iglesia y las 19h00 se prev\u00e9 que inicie el Viacrucis en la plaza de El Valle. Cerca de las 20h00 la procesi\u00f3n recorrer\u00e1 calles como la Guayaquil, 18 de Noviembre, Col\u00f3n, Bol\u00edvar, Bernardo Valdivieso, Daniel \u00c1lvarez y Santiago de las Monta\u00f1as.<\/p>\n<p>Este importante evento cat\u00f3lico, contar\u00e1 con la colaboraci\u00f3n del Colegio Nocturno Calasanz, que representar\u00e1 al pueblo jud\u00edo y la participaci\u00f3n de la Infanter\u00eda N\u00ba7, encargada de interpretar a los soldados romanos. Adem\u00e1s, de la participaci\u00f3n de grupos sinf\u00f3nicos, el grupo Folkl\u00f3rico Yanay y el Coro Polif\u00f3nico Municipal que conformar\u00e1n la orquesta del Viacrucis que deleitar\u00e1n a los presentes con melod\u00edas sacras.<\/p>\n<p>Cabe recordar que, durante el Viernes Santo, otros sectores de la urbe lojana tambi\u00e9n organizan peque\u00f1as procesiones del Viacrucis para conmemorar la Pasi\u00f3n, Muerte y Crucifixi\u00f3n de Cristo.<\/p>\n<p>\ud83c\udf10\u2705 S\u00edguenos en nuestra p\u00e1gina verificada: https:\/\/www.facebook.com\/lodelmomentolojaEC<\/p>\n<p>www.lodelmomentoloja.com<br \/>\n#LDMnoticias #lodelmomentolojaLDM<\/p>\n","protected":false},"excerpt":{"rendered":"<p>El tradicional Viacrucis en la parroquia de El Valle en la ciudad de Loja, considerado&#8230;<\/p>\n","protected":false},"author":1,"featured_media":25524,"comment_status":"open","ping_status":"open","sticky":false,"template":"","format":"standard","meta":{"footnotes":""},"categories":[7,1,5],"tags":[],"class_list":["post-25519","post","type-post","status-publish","format-standard","has-post-thumbnail","hentry","category-ecuador","category-inicio","category-loja"],"_links":{"self":[{"href":"https:\/\/www.lodelmomentoloja.com\/index.php?rest_route=\/wp\/v2\/posts\/25519"}],"collection":[{"href":"https:\/\/www.lodelmomentoloja.com\/index.php?rest_route=\/wp\/v2\/posts"}],"about":[{"href":"https:\/\/www.lodelmomentoloja.com\/index.php?rest_route=\/wp\/v2\/types\/post"}],"author":[{"embeddable":true,"href":"https:\/\/www.lodelmomentoloja.com\/index.php?rest_route=\/wp\/v2\/users\/1"}],"replies":[{"embeddable":true,"href":"https:\/\/www.lodelmomentoloja.com\/index.php?rest_route=%2Fwp%2Fv2%2Fcomments&post=25519"}],"version-history":[{"count":1,"href":"https:\/\/www.lodelmomentoloja.com\/index.php?rest_route=\/wp\/v2\/posts\/25519\/revisions"}],"predecessor-version":[{"id":25523,"href":"https:\/\/www.lodelmomentoloja.com\/index.php?rest_route=\/wp\/v2\/posts\/25519\/revisions\/25523"}],"wp:featuredmedia":[{"embeddable":true,"href":"https:\/\/www.lodelmomentoloja.com\/index.php?rest_route=\/wp\/v2\/media\/25524"}],"wp:attachment":[{"href":"https:\/\/www.lodelmomentoloja.com\/index.php?rest_route=%2Fwp%2Fv2%2Fmedia&parent=25519"}],"wp:term":[{"taxonomy":"category","embeddable":true,"href":"https:\/\/www.lodelmomentoloja.com\/index.php?rest_route=%2Fwp%2Fv2%2Fcategories&post=25519"},{"taxonomy":"post_tag","embeddable":true,"href":"https:\/\/www.lodelmomentoloja.com\/index.php?rest_route=%2Fwp%2Fv2%2Ftags&post=25519"}],"curies":[{"name":"wp","href":"https:\/\/api.w.org\/{rel}","templated":true}]}}