{"id":2550,"date":"2021-02-18T10:20:47","date_gmt":"2021-02-18T10:20:47","guid":{"rendered":"http:\/\/www.lodelmomentoloja.com\/?p=2550"},"modified":"2021-02-18T15:28:09","modified_gmt":"2021-02-18T15:28:09","slug":"dia-internacional-del-sindrome-de-asperger","status":"publish","type":"post","link":"https:\/\/www.lodelmomentoloja.com\/?p=2550","title":{"rendered":"Dia internacional del S\u00edndrome de Asperger."},"content":{"rendered":"<p>#Internacional | El d\u00eda 18 de febrero se celebra el D\u00eda Internacional del s\u00edndrome de Asperger.<\/p>\n<p>Esta fecha coincide con el nacimiento del psiquiatra Hans Asperger que describi\u00f3 este trastorno por primera vez. El s\u00edndrome de Asperger est\u00e1 incluido dentro de los Trastornos del Espectro Autista y aunque es mucho m\u00e1s com\u00fan que otros tipos de autismo, a\u00fan es desconocido para algunas personas y profesionales.<\/p>\n<p>Los ni\u00f1os con este s\u00edndrome tienen dificultades para la interacci\u00f3n social, comunicaci\u00f3n verbal y no verbal y presentan intereses restringidos y conductas r\u00edgidas. Estas personas tienen un cociente intelectual normal.<\/p>\n<p>www.lodelmomentoloja.com<br \/>\n#LDMnoticias #lodelmomentolojaLDM<\/p>\n","protected":false},"excerpt":{"rendered":"<p>#Internacional | El d\u00eda 18 de febrero se celebra el D\u00eda Internacional del s\u00edndrome de&#8230;<\/p>\n","protected":false},"author":1,"featured_media":2551,"comment_status":"open","ping_status":"open","sticky":false,"template":"","format":"standard","meta":{"footnotes":""},"categories":[1],"tags":[],"class_list":["post-2550","post","type-post","status-publish","format-standard","has-post-thumbnail","hentry","category-inicio"],"_links":{"self":[{"href":"https:\/\/www.lodelmomentoloja.com\/index.php?rest_route=\/wp\/v2\/posts\/2550"}],"collection":[{"href":"https:\/\/www.lodelmomentoloja.com\/index.php?rest_route=\/wp\/v2\/posts"}],"about":[{"href":"https:\/\/www.lodelmomentoloja.com\/index.php?rest_route=\/wp\/v2\/types\/post"}],"author":[{"embeddable":true,"href":"https:\/\/www.lodelmomentoloja.com\/index.php?rest_route=\/wp\/v2\/users\/1"}],"replies":[{"embeddable":true,"href":"https:\/\/www.lodelmomentoloja.com\/index.php?rest_route=%2Fwp%2Fv2%2Fcomments&post=2550"}],"version-history":[{"count":1,"href":"https:\/\/www.lodelmomentoloja.com\/index.php?rest_route=\/wp\/v2\/posts\/2550\/revisions"}],"predecessor-version":[{"id":2552,"href":"https:\/\/www.lodelmomentoloja.com\/index.php?rest_route=\/wp\/v2\/posts\/2550\/revisions\/2552"}],"wp:featuredmedia":[{"embeddable":true,"href":"https:\/\/www.lodelmomentoloja.com\/index.php?rest_route=\/wp\/v2\/media\/2551"}],"wp:attachment":[{"href":"https:\/\/www.lodelmomentoloja.com\/index.php?rest_route=%2Fwp%2Fv2%2Fmedia&parent=2550"}],"wp:term":[{"taxonomy":"category","embeddable":true,"href":"https:\/\/www.lodelmomentoloja.com\/index.php?rest_route=%2Fwp%2Fv2%2Fcategories&post=2550"},{"taxonomy":"post_tag","embeddable":true,"href":"https:\/\/www.lodelmomentoloja.com\/index.php?rest_route=%2Fwp%2Fv2%2Ftags&post=2550"}],"curies":[{"name":"wp","href":"https:\/\/api.w.org\/{rel}","templated":true}]}}