{"id":25400,"date":"2025-04-14T12:17:29","date_gmt":"2025-04-14T12:17:29","guid":{"rendered":"https:\/\/www.lodelmomentoloja.com\/?p=25400"},"modified":"2025-04-14T17:19:01","modified_gmt":"2025-04-14T17:19:01","slug":"asambleista-electa-por-la-provincia-de-loja-agradece-el-apoyo-ciudadano","status":"publish","type":"post","link":"https:\/\/www.lodelmomentoloja.com\/?p=25400","title":{"rendered":"Asamble\u00edsta electa por la provincia de Loja, agradece el apoyo ciudadano"},"content":{"rendered":"<p>\ud83d\udc9c\ud83e\udec2\ud83d\udcc4\u00a1Trabajaremos juntos! La asamble\u00edsta electa por la provincia de Loja, Josebeth Jaramillo, se pronuncia tras el triunfo presidencial de ADN. &#8220;Quiero felicitar a todos por el gran trabajo que desplegaron en cada uno de sus espacios. El esfuerzo de ustedes fue determinante para la consecuci\u00f3n de este gran objetivo, liderado por nuestro presidente, Daniel Noboa Az\u00edn. Ayer, Loja y todo el Ecuador han demostrado que s\u00ed podemos elegir un presidente.&#8221;<\/p>\n<p>&#8220;As\u00ed mismo, quiero dejar constancia de mi m\u00e1s profundo agradecimiento por permitirme ser parte de esta gran familia: ADN&#8221; &#8211; mencion\u00f3 Jaramillo.<\/p>\n<p>\ud83c\udf10\u2705 S\u00edguenos en nuestra p\u00e1gina verificada: https:\/\/www.facebook.com\/lodelmomentolojaEC<\/p>\n<p>www.lodelmomentoloja.com<br \/>\n#LDMnoticias #lodelmomentolojaLDM<\/p>\n","protected":false},"excerpt":{"rendered":"<p>\ud83d\udc9c\ud83e\udec2\ud83d\udcc4\u00a1Trabajaremos juntos! La asamble\u00edsta electa por la provincia de Loja, Josebeth Jaramillo, se pronuncia tras&#8230;<\/p>\n","protected":false},"author":1,"featured_media":25401,"comment_status":"open","ping_status":"open","sticky":false,"template":"","format":"standard","meta":{"footnotes":""},"categories":[7,1,5],"tags":[],"class_list":["post-25400","post","type-post","status-publish","format-standard","has-post-thumbnail","hentry","category-ecuador","category-inicio","category-loja"],"_links":{"self":[{"href":"https:\/\/www.lodelmomentoloja.com\/index.php?rest_route=\/wp\/v2\/posts\/25400"}],"collection":[{"href":"https:\/\/www.lodelmomentoloja.com\/index.php?rest_route=\/wp\/v2\/posts"}],"about":[{"href":"https:\/\/www.lodelmomentoloja.com\/index.php?rest_route=\/wp\/v2\/types\/post"}],"author":[{"embeddable":true,"href":"https:\/\/www.lodelmomentoloja.com\/index.php?rest_route=\/wp\/v2\/users\/1"}],"replies":[{"embeddable":true,"href":"https:\/\/www.lodelmomentoloja.com\/index.php?rest_route=%2Fwp%2Fv2%2Fcomments&post=25400"}],"version-history":[{"count":1,"href":"https:\/\/www.lodelmomentoloja.com\/index.php?rest_route=\/wp\/v2\/posts\/25400\/revisions"}],"predecessor-version":[{"id":25402,"href":"https:\/\/www.lodelmomentoloja.com\/index.php?rest_route=\/wp\/v2\/posts\/25400\/revisions\/25402"}],"wp:featuredmedia":[{"embeddable":true,"href":"https:\/\/www.lodelmomentoloja.com\/index.php?rest_route=\/wp\/v2\/media\/25401"}],"wp:attachment":[{"href":"https:\/\/www.lodelmomentoloja.com\/index.php?rest_route=%2Fwp%2Fv2%2Fmedia&parent=25400"}],"wp:term":[{"taxonomy":"category","embeddable":true,"href":"https:\/\/www.lodelmomentoloja.com\/index.php?rest_route=%2Fwp%2Fv2%2Fcategories&post=25400"},{"taxonomy":"post_tag","embeddable":true,"href":"https:\/\/www.lodelmomentoloja.com\/index.php?rest_route=%2Fwp%2Fv2%2Ftags&post=25400"}],"curies":[{"name":"wp","href":"https:\/\/api.w.org\/{rel}","templated":true}]}}