{"id":25349,"date":"2025-04-10T15:10:12","date_gmt":"2025-04-10T15:10:12","guid":{"rendered":"https:\/\/www.lodelmomentoloja.com\/?p=25349"},"modified":"2025-04-10T20:13:46","modified_gmt":"2025-04-10T20:13:46","slug":"loja-se-registran-1-084-casos-de-neumonia-en-lo-que-va-del-2025","status":"publish","type":"post","link":"https:\/\/www.lodelmomentoloja.com\/?p=25349","title":{"rendered":"Loja se registran 1.084 casos de neumon\u00eda en lo que va del 2025"},"content":{"rendered":"<p>\ud83d\ude37\ud83e\udec1\ud83d\udea8 \u00a1Situaci\u00f3n alarmante! En la provincia de Loja, existe una gran preocupaci\u00f3n por el aumento de casos de neumon\u00eda en menores de entre 1 a 4 a\u00f1os de edad, puesto que, seg\u00fan el \u00faltimo informe presentado por la Subsecretaria de Vigilancia, Prevenci\u00f3n y Control de la Salud P\u00fablica la provincia registra 1.084 pacientes con esta enfermedad respiratoria en lo que va del 2025.<\/p>\n<div style=\"width: 640px;\" class=\"wp-video\"><!--[if lt IE 9]><script>document.createElement('video');<\/script><![endif]-->\n<video class=\"wp-video-shortcode\" id=\"video-25349-1\" width=\"640\" height=\"360\" preload=\"metadata\" controls=\"controls\"><source type=\"video\/mp4\" src=\"http:\/\/www.lodelmomentoloja.com\/wp-content\/uploads\/2025\/04\/CASOS-DE-NEUMONIA-EN-LOJA-REDUCIDO.mp4?_=1\" \/><a href=\"http:\/\/www.lodelmomentoloja.com\/wp-content\/uploads\/2025\/04\/CASOS-DE-NEUMONIA-EN-LOJA-REDUCIDO.mp4\">http:\/\/www.lodelmomentoloja.com\/wp-content\/uploads\/2025\/04\/CASOS-DE-NEUMONIA-EN-LOJA-REDUCIDO.mp4<\/a><\/video><\/div>\n<p>&nbsp;<\/p>\n<p>En la provincia de Loja, existe una gran preocupaci\u00f3n por el aumento de casos de neumon\u00eda en menores de entre 1 a 4 a\u00f1os de edad, puesto que, seg\u00fan el \u00faltimo informe presentado por la Subsecretaria de Vigilancia, Prevenci\u00f3n y Control de la Salud P\u00fablica la provincia registra 1.084 pacientes con esta enfermedad respiratoria en lo que va del 2025.<\/p>\n<p>Varios de estos casos, ya se registran en el hospital Isidro Ayora, donde algunos de los afectados se encuentran hospitalizados. Ante la problem\u00e1tica, el Gerente General de la casa de salud, expres\u00f3 lo siguiente.<\/p>\n<p>El Ministerio de salud recalca que, en Ecuador, la poblaci\u00f3n m\u00e1s afectada son los menores de entre 1 a 4 a\u00f1os de edad, seguido del grupo de 65 a\u00f1os y m\u00e1s, y el grupo de 9 a 14 a\u00f1os. A nivel mundial, la neumon\u00eda es la principal causa individual de m0rt4l1d4d infantil. En e a\u00f1os 2015, aproximadamente, 1.4 millones de infantes f4ll3c13r0n a causa de este padecimiento, representando un 15% de las defunciones en menores de 5 a\u00f1os y, conforme pasan los a\u00f1os, los casos aumentan.<\/p>\n<p>Algo similar ocurre con la tosferina, una enfermedad que, seg\u00fan expertos, se transmite por la bacteria Bordetella Pertusis, y, en el cant\u00f3n los casos ya llegan a 3. No obstante, datos de la Sociedad Ecuatoriana de Pediatr\u00eda dan cuenta de que en lo que va del a\u00f1o, hay 119 casos de tosferina, cuando durante todo 2024 se reportaron 141 casos.<\/p>\n<p>Pero otras enfermedades que preocupan a escala nacional son la varicela, paperas y difteria que, han mencionado expertos en el tema, son enfermedades que, debido a los esquemas incompletos de vacunaci\u00f3n y la falta de campa\u00f1a de las mismas han provocado que estos padecimientos, tomen mayor fuerza en el Ecuador.<\/p>\n<p>\ud83d\udcf2\u25b6\ufe0f Ver video completo en Youtube: https:\/\/youtu.be\/hX0DR86rAhw<\/p>\n<p>\ud83c\udf10\u2705 S\u00edguenos en nuestra p\u00e1gina verificada: https:\/\/www.facebook.com\/lodelmomentolojaEC<\/p>\n<p>www.lodelmomentoloja.com<br \/>\n#LDMnoticias #lodelmomentolojaLDM<\/p>\n","protected":false},"excerpt":{"rendered":"<p>\ud83d\ude37\ud83e\udec1\ud83d\udea8 \u00a1Situaci\u00f3n alarmante! En la provincia de Loja, existe una gran preocupaci\u00f3n por el aumento&#8230;<\/p>\n","protected":false},"author":1,"featured_media":25351,"comment_status":"open","ping_status":"open","sticky":false,"template":"","format":"standard","meta":{"footnotes":""},"categories":[7,1,5],"tags":[],"class_list":["post-25349","post","type-post","status-publish","format-standard","has-post-thumbnail","hentry","category-ecuador","category-inicio","category-loja"],"_links":{"self":[{"href":"https:\/\/www.lodelmomentoloja.com\/index.php?rest_route=\/wp\/v2\/posts\/25349"}],"collection":[{"href":"https:\/\/www.lodelmomentoloja.com\/index.php?rest_route=\/wp\/v2\/posts"}],"about":[{"href":"https:\/\/www.lodelmomentoloja.com\/index.php?rest_route=\/wp\/v2\/types\/post"}],"author":[{"embeddable":true,"href":"https:\/\/www.lodelmomentoloja.com\/index.php?rest_route=\/wp\/v2\/users\/1"}],"replies":[{"embeddable":true,"href":"https:\/\/www.lodelmomentoloja.com\/index.php?rest_route=%2Fwp%2Fv2%2Fcomments&post=25349"}],"version-history":[{"count":1,"href":"https:\/\/www.lodelmomentoloja.com\/index.php?rest_route=\/wp\/v2\/posts\/25349\/revisions"}],"predecessor-version":[{"id":25352,"href":"https:\/\/www.lodelmomentoloja.com\/index.php?rest_route=\/wp\/v2\/posts\/25349\/revisions\/25352"}],"wp:featuredmedia":[{"embeddable":true,"href":"https:\/\/www.lodelmomentoloja.com\/index.php?rest_route=\/wp\/v2\/media\/25351"}],"wp:attachment":[{"href":"https:\/\/www.lodelmomentoloja.com\/index.php?rest_route=%2Fwp%2Fv2%2Fmedia&parent=25349"}],"wp:term":[{"taxonomy":"category","embeddable":true,"href":"https:\/\/www.lodelmomentoloja.com\/index.php?rest_route=%2Fwp%2Fv2%2Fcategories&post=25349"},{"taxonomy":"post_tag","embeddable":true,"href":"https:\/\/www.lodelmomentoloja.com\/index.php?rest_route=%2Fwp%2Fv2%2Ftags&post=25349"}],"curies":[{"name":"wp","href":"https:\/\/api.w.org\/{rel}","templated":true}]}}