{"id":25297,"date":"2025-04-07T10:07:19","date_gmt":"2025-04-07T10:07:19","guid":{"rendered":"https:\/\/www.lodelmomentoloja.com\/?p=25297"},"modified":"2025-04-07T15:10:09","modified_gmt":"2025-04-07T15:10:09","slug":"elecciones-ecuador-2025-segunda-vuelta","status":"publish","type":"post","link":"https:\/\/www.lodelmomentoloja.com\/?p=25297","title":{"rendered":"ELECCIONES ECUADOR 2025 (SEGUNDA VUELTA)"},"content":{"rendered":"<p>\ud83d\ude31\ud83c\uddea\ud83c\udde8\ud83d\uddf3\ufe0f\u00a1Una semana crucial! Ecuador llega a la recta final de la campa\u00f1a presidencial y se prepara para elegir a su nuevo representante, quien gobernar\u00e1 durante los pr\u00f3ximos cuatro a\u00f1os, los dos aspirantes Daniel Noboa (ADN) y Luisa Gonz\u00e1lez (RC), son los protagonistas de una campa\u00f1a at\u00edpica, previo al sufragio electoral programado para este 13 de abril.<\/p>\n<p>En total, de 13 736 314 personas est\u00e1n habilitadas para sufragar a nivel nacional e internacional. De ese total, 6 741 091 son hombres y 6 995 223 son mujeres. Los recintos de votaci\u00f3n asignados en la primera vuelta se mantendr\u00e1n para este balotaje.<\/p>\n<p>Cabe recordar que el Pleno del CNE aprob\u00f3 una medida sobre el uso de dispositivos electr\u00f3nicos en las juntas receptoras del voto. Los electores y miembros de mesa no podr\u00e1n utilizar celulares ni otros aparatos durante el sufragio y el conteo.<\/p>\n<p>El CNE contempla fechas para otros procesos durante esta \u00faltima semana:<br \/>\n\ud83d\udd3810 de abril: Voto de personas privadas de libertad, sin sentencia ejecutoriada.<br \/>\n\ud83d\udd3811 de abril: Voto en Casa.<br \/>\n\ud83d\udd3811 al 13 de abril: Silencio electoral<br \/>\n\ud83d\udd3813 de abril: Elecciones generales 2025.<\/p>\n<p>\ud83c\udf10\u2705 S\u00edguenos en nuestra p\u00e1gina verificada: https:\/\/www.facebook.com\/lodelmomentolojaEC<\/p>\n<p>\ud83c\udf10\ud83d\udc49\ud83c\udffb S\u00edguenos en la web lodelmomentoloja.com<br \/>\n#LDMnoticias #lodelmomentolojaLDM<\/p>\n","protected":false},"excerpt":{"rendered":"<p>\ud83d\ude31\ud83c\uddea\ud83c\udde8\ud83d\uddf3\ufe0f\u00a1Una semana crucial! Ecuador llega a la recta final de la campa\u00f1a presidencial y se&#8230;<\/p>\n","protected":false},"author":1,"featured_media":25298,"comment_status":"open","ping_status":"open","sticky":false,"template":"","format":"standard","meta":{"footnotes":""},"categories":[7,1,4],"tags":[],"class_list":["post-25297","post","type-post","status-publish","format-standard","has-post-thumbnail","hentry","category-ecuador","category-inicio","category-internacional"],"_links":{"self":[{"href":"https:\/\/www.lodelmomentoloja.com\/index.php?rest_route=\/wp\/v2\/posts\/25297"}],"collection":[{"href":"https:\/\/www.lodelmomentoloja.com\/index.php?rest_route=\/wp\/v2\/posts"}],"about":[{"href":"https:\/\/www.lodelmomentoloja.com\/index.php?rest_route=\/wp\/v2\/types\/post"}],"author":[{"embeddable":true,"href":"https:\/\/www.lodelmomentoloja.com\/index.php?rest_route=\/wp\/v2\/users\/1"}],"replies":[{"embeddable":true,"href":"https:\/\/www.lodelmomentoloja.com\/index.php?rest_route=%2Fwp%2Fv2%2Fcomments&post=25297"}],"version-history":[{"count":1,"href":"https:\/\/www.lodelmomentoloja.com\/index.php?rest_route=\/wp\/v2\/posts\/25297\/revisions"}],"predecessor-version":[{"id":25299,"href":"https:\/\/www.lodelmomentoloja.com\/index.php?rest_route=\/wp\/v2\/posts\/25297\/revisions\/25299"}],"wp:featuredmedia":[{"embeddable":true,"href":"https:\/\/www.lodelmomentoloja.com\/index.php?rest_route=\/wp\/v2\/media\/25298"}],"wp:attachment":[{"href":"https:\/\/www.lodelmomentoloja.com\/index.php?rest_route=%2Fwp%2Fv2%2Fmedia&parent=25297"}],"wp:term":[{"taxonomy":"category","embeddable":true,"href":"https:\/\/www.lodelmomentoloja.com\/index.php?rest_route=%2Fwp%2Fv2%2Fcategories&post=25297"},{"taxonomy":"post_tag","embeddable":true,"href":"https:\/\/www.lodelmomentoloja.com\/index.php?rest_route=%2Fwp%2Fv2%2Ftags&post=25297"}],"curies":[{"name":"wp","href":"https:\/\/api.w.org\/{rel}","templated":true}]}}