{"id":25264,"date":"2025-04-02T11:28:37","date_gmt":"2025-04-02T11:28:37","guid":{"rendered":"https:\/\/www.lodelmomentoloja.com\/?p=25264"},"modified":"2025-04-02T17:29:43","modified_gmt":"2025-04-02T17:29:43","slug":"militar-en-servicio-activo-fue-detenido-en-morona-santiago-por-p0rn0gr4f14-infantil","status":"publish","type":"post","link":"https:\/\/www.lodelmomentoloja.com\/?p=25264","title":{"rendered":"MILITAR EN SERVICIO ACTIVO FUE DETENIDO EN MORONA SANTIAGO POR P0RN0GR4F14 INFANTIL"},"content":{"rendered":"<p>\ud83d\ude31\ud83d\udea8\ud83d\udc68\ud83c\udffb\u200d\ud83d\udcbb\u00a1De no creer! En un operativo denominado &#8216;Guardi\u00e1n VI&#8217; desarrollado en la provincia de Morona Santiago, personal de Polic\u00eda Nacional a trav\u00e9s de la Unidad Nacional de Ciberdelitos (Ciberpol) logr\u00f3 la captura de un ciudadano ecuatoriano, militar en servicio activo de 22 a\u00f1os de edad, quien descargaba, almacenaba, produc\u00eda y viralizaba material de 4bvs0 s3xv4l infantil. Adem\u00e1s tras la aprehensi\u00f3n, se comprob\u00f3 que el sujeto habr\u00eda producido material de dicha \u00edndole mientras abvs4b4 de dos menores de edad (de 4 y 8 a\u00f1os), aprovechando su acceso frecuente a las v\u00edctimas, ya que forman parte de su c\u00edrculo familiar.<\/p>\n<p>Debido a la gravedad del caso y a la gran cantidad de material incautado, este individuo fue catalogado como Objetivo de Intermedio Valor (OIV) por la CIBERPOL. Las v\u00edctimas fueron rescatadas y puestas a buen recaudo para las respectivas valoraciones m\u00e9dicas y posterior ayuda psicol\u00f3gica.<\/p>\n<p>\ud83c\udf10\u2705 S\u00edguenos en nuestra p\u00e1gina verificada: https:\/\/www.facebook.com\/lodelmomentolojaEC<\/p>\n<p>Fuente: Radio Vig\u00eda FM. La Voz de la Polic\u00eda Nacional del Ecuador<br \/>\n\ud83c\udf10\ud83d\udc49\ud83c\udffb S\u00edguenos en la web lodelmomentoloja.com<br \/>\n#LDMnoticias #lodelmomentolojaLDM<\/p>\n","protected":false},"excerpt":{"rendered":"<p>\ud83d\ude31\ud83d\udea8\ud83d\udc68\ud83c\udffb\u200d\ud83d\udcbb\u00a1De no creer! En un operativo denominado &#8216;Guardi\u00e1n VI&#8217; desarrollado en la provincia de Morona&#8230;<\/p>\n","protected":false},"author":1,"featured_media":25265,"comment_status":"open","ping_status":"open","sticky":false,"template":"","format":"standard","meta":{"footnotes":""},"categories":[7,1],"tags":[],"class_list":["post-25264","post","type-post","status-publish","format-standard","has-post-thumbnail","hentry","category-ecuador","category-inicio"],"_links":{"self":[{"href":"https:\/\/www.lodelmomentoloja.com\/index.php?rest_route=\/wp\/v2\/posts\/25264"}],"collection":[{"href":"https:\/\/www.lodelmomentoloja.com\/index.php?rest_route=\/wp\/v2\/posts"}],"about":[{"href":"https:\/\/www.lodelmomentoloja.com\/index.php?rest_route=\/wp\/v2\/types\/post"}],"author":[{"embeddable":true,"href":"https:\/\/www.lodelmomentoloja.com\/index.php?rest_route=\/wp\/v2\/users\/1"}],"replies":[{"embeddable":true,"href":"https:\/\/www.lodelmomentoloja.com\/index.php?rest_route=%2Fwp%2Fv2%2Fcomments&post=25264"}],"version-history":[{"count":1,"href":"https:\/\/www.lodelmomentoloja.com\/index.php?rest_route=\/wp\/v2\/posts\/25264\/revisions"}],"predecessor-version":[{"id":25266,"href":"https:\/\/www.lodelmomentoloja.com\/index.php?rest_route=\/wp\/v2\/posts\/25264\/revisions\/25266"}],"wp:featuredmedia":[{"embeddable":true,"href":"https:\/\/www.lodelmomentoloja.com\/index.php?rest_route=\/wp\/v2\/media\/25265"}],"wp:attachment":[{"href":"https:\/\/www.lodelmomentoloja.com\/index.php?rest_route=%2Fwp%2Fv2%2Fmedia&parent=25264"}],"wp:term":[{"taxonomy":"category","embeddable":true,"href":"https:\/\/www.lodelmomentoloja.com\/index.php?rest_route=%2Fwp%2Fv2%2Fcategories&post=25264"},{"taxonomy":"post_tag","embeddable":true,"href":"https:\/\/www.lodelmomentoloja.com\/index.php?rest_route=%2Fwp%2Fv2%2Ftags&post=25264"}],"curies":[{"name":"wp","href":"https:\/\/api.w.org\/{rel}","templated":true}]}}