{"id":25245,"date":"2025-04-01T12:12:52","date_gmt":"2025-04-01T12:12:52","guid":{"rendered":"https:\/\/www.lodelmomentoloja.com\/?p=25245"},"modified":"2025-04-01T17:15:13","modified_gmt":"2025-04-01T17:15:13","slug":"polemicas-reacciones-en-loja-tras-el-acuerdo-entre-pk-y-el-correismo","status":"publish","type":"post","link":"https:\/\/www.lodelmomentoloja.com\/?p=25245","title":{"rendered":"Pol\u00e9micas reacciones en Loja tras el acuerdo entre PK y el Corre\u00edsmo."},"content":{"rendered":"<p>\ud83d\ude31\ud83d\udea8\ud83d\ude24 \u00a1&#8217;Justicia ind\u00edgena&#8217;! El acuerdo entre PK y el corre\u00edsmo ha causado las reacciones de varios dirigentes ind\u00edgenas, sobre todo, en la provincia de Loja, espec\u00edficamente, en el cant\u00f3n Saraguro, mostrando su desacuerdo en esta alianza.<\/p>\n<div style=\"width: 640px;\" class=\"wp-video\"><!--[if lt IE 9]><script>document.createElement('video');<\/script><![endif]-->\n<video class=\"wp-video-shortcode\" id=\"video-25245-1\" width=\"640\" height=\"360\" preload=\"metadata\" controls=\"controls\"><source type=\"video\/mp4\" src=\"http:\/\/www.lodelmomentoloja.com\/wp-content\/uploads\/2025\/04\/JUSTICIA-INDIGENA-PARA-IZA-REDUCIDO.mp4?_=1\" \/><a href=\"http:\/\/www.lodelmomentoloja.com\/wp-content\/uploads\/2025\/04\/JUSTICIA-INDIGENA-PARA-IZA-REDUCIDO.mp4\">http:\/\/www.lodelmomentoloja.com\/wp-content\/uploads\/2025\/04\/JUSTICIA-INDIGENA-PARA-IZA-REDUCIDO.mp4<\/a><\/video><\/div>\n<p>&nbsp;<\/p>\n<p>En medios locales, el alcalde de Saraguro, Abel Sarango, asegur\u00f3 que los habitantes habr\u00edan preparado el tradicional \u2018justicia ind\u00edgena\u2019 a Leonidas Iza durante una visita a la comunidad Ca\u00f1ipaca de la parroquia San Pablo de Tenta, lugar donde se desarroll\u00f3 el octavo Congreso de la Coordinadora de Organizaciones del Pueblo Kiwhwa Saraguro (Corpukis), los d\u00edas viernes 28 y s\u00e1bado 29 de marzo del a\u00f1o en curso.<\/p>\n<p>Sarango agreg\u00f3 que, Iza se enter\u00f3 de la noticia por lo que abandon\u00f3 el congreso para salvaguardar su integridad.<\/p>\n<p>Pero las alianzas entre el corre\u00edsmo y PK no son nuevas, recordemos que las elecciones seccionales de 2019, a\u00f1o en el que el mismo Abel Sarango fue parte de la alianza en Saraguro como candidato a la alcald\u00eda en representaci\u00f3n de PK y Lorena Costa a la prefectura representando al corre\u00edsmo. Sin embargo, esta alianza no dio un solo fruto, ya que ambos perdieron las elecciones.<\/p>\n<p>Hoy, Abel Sarango, ha estado muy de cerca del oficialismo, incluso asistiendo a una reuni\u00f3n cuando Daniel Noboa visit\u00f3 Loja.<\/p>\n<p>PK y el corre\u00edsmo vuelven a unir fuerzas para respaldar a su candidato presidencial en una segunda vuelta electoral. A nivel nacional, esta uni\u00f3n se dio por primera vez en el a\u00f1o 2006, para el balotaje entre Rafael Correa y \u00c1lvaro Noboa y, en 2025, la historia se asemeja en una segunda vuelta entre Luisa Gonz\u00e1lez del corre\u00edsmo y Daniel Noboa, hijo de \u00c1lvaro Noboa con un amplio frente de apoyo.<\/p>\n<p>\ud83d\udcf2\u25b6\ufe0f Ver video completo en Youtube:\u00a0<a href=\"https:\/\/youtu.be\/uUmtWiK9Rnw\">https:\/\/youtu.be\/uUmtWiK9Rnw<\/a><\/p>\n<p>\ud83c\udf10\u2705 S\u00edguenos en nuestra p\u00e1gina verificada: <a href=\"https:\/\/www.facebook.com\/lodelmomentolojaEC\">https:\/\/www.facebook.com\/lodelmomentolojaEC<\/a><\/p>\n<p>www.lodelmomentoloja.com<br \/>\n#LDMnoticias #lodelmomentolojaLDM<\/p>\n","protected":false},"excerpt":{"rendered":"<p>\ud83d\ude31\ud83d\udea8\ud83d\ude24 \u00a1&#8217;Justicia ind\u00edgena&#8217;! El acuerdo entre PK y el corre\u00edsmo ha causado las reacciones de&#8230;<\/p>\n","protected":false},"author":1,"featured_media":25247,"comment_status":"open","ping_status":"open","sticky":false,"template":"","format":"standard","meta":{"footnotes":""},"categories":[7,1],"tags":[],"class_list":["post-25245","post","type-post","status-publish","format-standard","has-post-thumbnail","hentry","category-ecuador","category-inicio"],"_links":{"self":[{"href":"https:\/\/www.lodelmomentoloja.com\/index.php?rest_route=\/wp\/v2\/posts\/25245"}],"collection":[{"href":"https:\/\/www.lodelmomentoloja.com\/index.php?rest_route=\/wp\/v2\/posts"}],"about":[{"href":"https:\/\/www.lodelmomentoloja.com\/index.php?rest_route=\/wp\/v2\/types\/post"}],"author":[{"embeddable":true,"href":"https:\/\/www.lodelmomentoloja.com\/index.php?rest_route=\/wp\/v2\/users\/1"}],"replies":[{"embeddable":true,"href":"https:\/\/www.lodelmomentoloja.com\/index.php?rest_route=%2Fwp%2Fv2%2Fcomments&post=25245"}],"version-history":[{"count":1,"href":"https:\/\/www.lodelmomentoloja.com\/index.php?rest_route=\/wp\/v2\/posts\/25245\/revisions"}],"predecessor-version":[{"id":25248,"href":"https:\/\/www.lodelmomentoloja.com\/index.php?rest_route=\/wp\/v2\/posts\/25245\/revisions\/25248"}],"wp:featuredmedia":[{"embeddable":true,"href":"https:\/\/www.lodelmomentoloja.com\/index.php?rest_route=\/wp\/v2\/media\/25247"}],"wp:attachment":[{"href":"https:\/\/www.lodelmomentoloja.com\/index.php?rest_route=%2Fwp%2Fv2%2Fmedia&parent=25245"}],"wp:term":[{"taxonomy":"category","embeddable":true,"href":"https:\/\/www.lodelmomentoloja.com\/index.php?rest_route=%2Fwp%2Fv2%2Fcategories&post=25245"},{"taxonomy":"post_tag","embeddable":true,"href":"https:\/\/www.lodelmomentoloja.com\/index.php?rest_route=%2Fwp%2Fv2%2Ftags&post=25245"}],"curies":[{"name":"wp","href":"https:\/\/api.w.org\/{rel}","templated":true}]}}