{"id":25233,"date":"2025-04-01T08:05:28","date_gmt":"2025-04-01T08:05:28","guid":{"rendered":"https:\/\/www.lodelmomentoloja.com\/?p=25233"},"modified":"2025-04-01T15:15:22","modified_gmt":"2025-04-01T15:15:22","slug":"25-anos-de-carcel-para-ex-director-de-una-unidad-educativa-por-d3l1t0-de-v10l4c10n","status":"publish","type":"post","link":"https:\/\/www.lodelmomentoloja.com\/?p=25233","title":{"rendered":"25 A\u00d1OS DE CARCEL PARA EX DIRECTOR DE UNA UNIDAD EDUCATIVA POR D3L1T0 DE V10L4C10N"},"content":{"rendered":"<p>\ud83d\ude31\ud83c\udfeb\ud83d\udc68\ud83c\udffb\u200d\u2696\ufe0f\u00a1Por segunda vez! La Fiscal\u00eda General del Estado inform\u00f3 que Carlos S. fue sentenciado \u2013por segunda vez\u2013 como autor del d3l1t0 de v10l4c1\u00f3n, en Centinela del C\u00f3ndor (Zamora Chinchipe). Un Tribunal lo conden\u00f3 a 25 a\u00f1os de reclusi\u00f3n mayor especial, la pena m\u00e1xima agravada establecida en el anterior C\u00f3digo Penal, vigente hasta agosto de 2014. Adem\u00e1s de la pena privativa de la libertad, el Tribunal orden\u00f3 el pago de 5.000 d\u00f3lares a favor de la v\u00edctima como medida de reparaci\u00f3n integral. Asimismo, dispuso que reciba tratamiento psicol\u00f3gico para superar las secuelas del d3l1t0.<\/p>\n<p>Seg\u00fan las investigaciones, el exdirector y docente de una escuela agredi\u00f3 sexualmente a una ni\u00f1a. El delito inici\u00f3 cuando la v\u00edctima ten\u00eda apenas nueve a\u00f1os y se prolong\u00f3 hasta que cumpli\u00f3 11 y seg\u00fan las investigaciones, el sujeto aprovech\u00f3 de su posici\u00f3n de autoridad dentro del plantel para obligar a la v\u00edctima a acudir a su oficina, en ese espacio, proyectaba videos p0rn0gr\u00e1f1c0s para luego perpetrar el 4bvs0.<\/p>\n<p>\ud83c\udf10\u2705 S\u00edguenos en nuestra p\u00e1gina verificada: https:\/\/www.facebook.com\/lodelmomentolojaEC<\/p>\n<p>\ud83c\udf10\ud83d\udc49\ud83c\udffb S\u00edguenos en la web lodelmomentoloja.com<br \/>\n#LDMnoticias #lodelmomentolojaLDM<\/p>\n","protected":false},"excerpt":{"rendered":"<p>\ud83d\ude31\ud83c\udfeb\ud83d\udc68\ud83c\udffb\u200d\u2696\ufe0f\u00a1Por segunda vez! La Fiscal\u00eda General del Estado inform\u00f3 que Carlos S. fue sentenciado \u2013por&#8230;<\/p>\n","protected":false},"author":1,"featured_media":25234,"comment_status":"open","ping_status":"open","sticky":false,"template":"","format":"standard","meta":{"footnotes":""},"categories":[7,1,6],"tags":[],"class_list":["post-25233","post","type-post","status-publish","format-standard","has-post-thumbnail","hentry","category-ecuador","category-inicio","category-zamora"],"_links":{"self":[{"href":"https:\/\/www.lodelmomentoloja.com\/index.php?rest_route=\/wp\/v2\/posts\/25233"}],"collection":[{"href":"https:\/\/www.lodelmomentoloja.com\/index.php?rest_route=\/wp\/v2\/posts"}],"about":[{"href":"https:\/\/www.lodelmomentoloja.com\/index.php?rest_route=\/wp\/v2\/types\/post"}],"author":[{"embeddable":true,"href":"https:\/\/www.lodelmomentoloja.com\/index.php?rest_route=\/wp\/v2\/users\/1"}],"replies":[{"embeddable":true,"href":"https:\/\/www.lodelmomentoloja.com\/index.php?rest_route=%2Fwp%2Fv2%2Fcomments&post=25233"}],"version-history":[{"count":1,"href":"https:\/\/www.lodelmomentoloja.com\/index.php?rest_route=\/wp\/v2\/posts\/25233\/revisions"}],"predecessor-version":[{"id":25235,"href":"https:\/\/www.lodelmomentoloja.com\/index.php?rest_route=\/wp\/v2\/posts\/25233\/revisions\/25235"}],"wp:featuredmedia":[{"embeddable":true,"href":"https:\/\/www.lodelmomentoloja.com\/index.php?rest_route=\/wp\/v2\/media\/25234"}],"wp:attachment":[{"href":"https:\/\/www.lodelmomentoloja.com\/index.php?rest_route=%2Fwp%2Fv2%2Fmedia&parent=25233"}],"wp:term":[{"taxonomy":"category","embeddable":true,"href":"https:\/\/www.lodelmomentoloja.com\/index.php?rest_route=%2Fwp%2Fv2%2Fcategories&post=25233"},{"taxonomy":"post_tag","embeddable":true,"href":"https:\/\/www.lodelmomentoloja.com\/index.php?rest_route=%2Fwp%2Fv2%2Ftags&post=25233"}],"curies":[{"name":"wp","href":"https:\/\/api.w.org\/{rel}","templated":true}]}}