{"id":2521,"date":"2021-02-17T07:00:31","date_gmt":"2021-02-17T07:00:31","guid":{"rendered":"http:\/\/www.lodelmomentoloja.com\/?p=2521"},"modified":"2021-02-17T12:52:18","modified_gmt":"2021-02-17T12:52:18","slug":"no-aprueban-el-reconteo-de-votos","status":"publish","type":"post","link":"https:\/\/www.lodelmomentoloja.com\/?p=2521","title":{"rendered":"NO APRUEBAN EL RECONTEO DE VOTOS"},"content":{"rendered":"<div class=\"kvgmc6g5 cxmmr5t8 oygrvhab hcukyx3x c1et5uql ii04i59q\">\n<div dir=\"auto\">\n<p><a class=\"oajrlxb2 g5ia77u1 qu0x051f esr5mh6w e9989ue4 r7d6kgcz rq0escxv nhd2j8a9 nc684nl6 p7hjln8o kvgmc6g5 cxmmr5t8 oygrvhab hcukyx3x jb3vyjys rz4wbd8a qt6c0cv9 a8nywdso i1ao9s8h esuyzwwr f1sip0of lzcic4wl q66pz984 gpro0wi8 b1v8xokw\" tabindex=\"0\" role=\"link\" href=\"https:\/\/www.facebook.com\/hashtag\/ecuador?__eep__=6&amp;__cft__[0]=AZWdgVZJ5sE0hFx9HAH5yx7-MqGeIoCCKeddGx3eUrrYH3eq8JBXrW9nsrj2ghUyaob_HhGg686bdfXlWrhlS8AIm__Y208KqHrWJLa7EmhWqBbtM5C1ZSQX53gwLp_4lGkG_mTmxAfbnxliTZTTO_G_IgG8lmmZxrTGseNxUSpHurSAg-V7q4LBO6EhU5DK0f8&amp;__tn__=*NK-R\">#Ecuador<\/a> | No se aprueba el reconteo de votos.<\/p>\n<\/div>\n<\/div>\n<div class=\"o9v6fnle cxmmr5t8 oygrvhab hcukyx3x c1et5uql ii04i59q\">\n<div dir=\"auto\">\n<p>Tras la sesi\u00f3n del Pleno del CNE convocada la noche de ayer, no se aprob\u00f3 el informe jur\u00eddico para el recuento de votos de las elecciones presidenciales en el que se disputaban los candidatos Yaku P\u00e9rez de Pachakutik y Guillermo Lasso de CREO a la segunda vuelta.<\/p>\n<\/div>\n<\/div>\n<div class=\"o9v6fnle cxmmr5t8 oygrvhab hcukyx3x c1et5uql ii04i59q\">\n<div dir=\"auto\">El viernes pasado, Lasso y P\u00e9rez llegaron a un acuerdo, en presencia de las autoridades del CNE y de los observadores internacionales para que se logre un recuento de votos del 100% en la provincia de Guayas y 50% de la votaci\u00f3n en 16 provincias adicionales. Sin embargo, en los \u00faltimos d\u00edas, ambos candidatos manifestaron sus desacuerdos y diferencias con el procedimiento y dejaron en manos del CNE la posibilidad de una revisi\u00f3n de la votaci\u00f3n.<\/div>\n<\/div>\n<div class=\"o9v6fnle cxmmr5t8 oygrvhab hcukyx3x c1et5uql ii04i59q\">\n<div dir=\"auto\"><\/div>\n<div dir=\"auto\">Diana Atamaint, en la cadena CNN, espera proclamar resultados en 4 d\u00edas, los candidatos podr\u00e1n apelar la decisi\u00f3n del CNE.<\/div>\n<\/div>\n<div class=\"o9v6fnle cxmmr5t8 oygrvhab hcukyx3x c1et5uql ii04i59q\">\n<div dir=\"auto\"><\/div>\n<div dir=\"auto\">\u00bfC\u00f3mo fueron las votaciones?<\/div>\n<div dir=\"auto\"><span class=\"pq6dq46d tbxw36s4 knj5qynh kvgmc6g5 ditlmg2l oygrvhab nvdbi5me sf5mxxl7 gl3lb2sf hhz5lgdu\"><img loading=\"lazy\" decoding=\"async\" src=\"https:\/\/static.xx.fbcdn.net\/images\/emoji.php\/v9\/tba\/1.5\/16\/2705.png\" alt=\"\u2705\" width=\"16\" height=\"16\" \/><\/span> Diana Atamaint y Esthela Acero (A favor)<\/div>\n<div dir=\"auto\"><span class=\"pq6dq46d tbxw36s4 knj5qynh kvgmc6g5 ditlmg2l oygrvhab nvdbi5me sf5mxxl7 gl3lb2sf hhz5lgdu\"><img loading=\"lazy\" decoding=\"async\" src=\"https:\/\/static.xx.fbcdn.net\/images\/emoji.php\/v9\/t63\/1.5\/16\/26a0.png\" alt=\"\u26a0\" width=\"16\" height=\"16\" \/><\/span> Enrique Pita (Abstenci\u00f3n)<\/div>\n<div dir=\"auto\"><span class=\"pq6dq46d tbxw36s4 knj5qynh kvgmc6g5 ditlmg2l oygrvhab nvdbi5me sf5mxxl7 gl3lb2sf hhz5lgdu\"><img loading=\"lazy\" decoding=\"async\" src=\"https:\/\/static.xx.fbcdn.net\/images\/emoji.php\/v9\/t64\/1.5\/16\/274c.png\" alt=\"\u274c\" width=\"16\" height=\"16\" \/><\/span> Jos\u00e9 Cabrera (En contra)<\/div>\n<div dir=\"auto\"><span class=\"pq6dq46d tbxw36s4 knj5qynh kvgmc6g5 ditlmg2l oygrvhab nvdbi5me sf5mxxl7 gl3lb2sf hhz5lgdu\"><img loading=\"lazy\" decoding=\"async\" src=\"https:\/\/static.xx.fbcdn.net\/images\/emoji.php\/v9\/tc8\/1.5\/16\/1f6ab.png\" alt=\"\ud83d\udeab\" width=\"16\" height=\"16\" \/><\/span> Luis Verdesoto (Ausente)<\/div>\n<\/div>\n","protected":false},"excerpt":{"rendered":"<p>#Ecuador | No se aprueba el reconteo de votos. Tras la sesi\u00f3n del Pleno del&#8230;<\/p>\n","protected":false},"author":1,"featured_media":2522,"comment_status":"open","ping_status":"open","sticky":false,"template":"","format":"standard","meta":{"footnotes":""},"categories":[1],"tags":[],"class_list":["post-2521","post","type-post","status-publish","format-standard","has-post-thumbnail","hentry","category-inicio"],"_links":{"self":[{"href":"https:\/\/www.lodelmomentoloja.com\/index.php?rest_route=\/wp\/v2\/posts\/2521"}],"collection":[{"href":"https:\/\/www.lodelmomentoloja.com\/index.php?rest_route=\/wp\/v2\/posts"}],"about":[{"href":"https:\/\/www.lodelmomentoloja.com\/index.php?rest_route=\/wp\/v2\/types\/post"}],"author":[{"embeddable":true,"href":"https:\/\/www.lodelmomentoloja.com\/index.php?rest_route=\/wp\/v2\/users\/1"}],"replies":[{"embeddable":true,"href":"https:\/\/www.lodelmomentoloja.com\/index.php?rest_route=%2Fwp%2Fv2%2Fcomments&post=2521"}],"version-history":[{"count":3,"href":"https:\/\/www.lodelmomentoloja.com\/index.php?rest_route=\/wp\/v2\/posts\/2521\/revisions"}],"predecessor-version":[{"id":2525,"href":"https:\/\/www.lodelmomentoloja.com\/index.php?rest_route=\/wp\/v2\/posts\/2521\/revisions\/2525"}],"wp:featuredmedia":[{"embeddable":true,"href":"https:\/\/www.lodelmomentoloja.com\/index.php?rest_route=\/wp\/v2\/media\/2522"}],"wp:attachment":[{"href":"https:\/\/www.lodelmomentoloja.com\/index.php?rest_route=%2Fwp%2Fv2%2Fmedia&parent=2521"}],"wp:term":[{"taxonomy":"category","embeddable":true,"href":"https:\/\/www.lodelmomentoloja.com\/index.php?rest_route=%2Fwp%2Fv2%2Fcategories&post=2521"},{"taxonomy":"post_tag","embeddable":true,"href":"https:\/\/www.lodelmomentoloja.com\/index.php?rest_route=%2Fwp%2Fv2%2Ftags&post=2521"}],"curies":[{"name":"wp","href":"https:\/\/api.w.org\/{rel}","templated":true}]}}