{"id":25205,"date":"2025-03-28T11:11:03","date_gmt":"2025-03-28T11:11:03","guid":{"rendered":"https:\/\/www.lodelmomentoloja.com\/?p=25205"},"modified":"2025-03-28T16:23:04","modified_gmt":"2025-03-28T16:23:04","slug":"fuerzas-armadas-abre-inscripciones-para-acuartelamiento-militar-voluntario-2025","status":"publish","type":"post","link":"https:\/\/www.lodelmomentoloja.com\/?p=25205","title":{"rendered":"FUERZAS ARMADAS ABRE INSCRIPCIONES PARA ACUARTELAMIENTO MILITAR VOLUNTARIO 2025"},"content":{"rendered":"<p>\ud83d\udd0a\ud83c\uddea\ud83c\udde8\ud83e\ude96 \u00a1Atenci\u00f3n recluta! La Direcci\u00f3n de Movilizaci\u00f3n del Comando Conjunto de las Fuerzas Armadas informa sobre las inscripciones para el acuartelamiento militar voluntario 2025 para los j\u00f3venes de 18 a 21 a\u00f1os 11 meses 30 d\u00edas cumplidos estar\u00e1n disponible desde el 26 de marzo hasta el 27 de abril 2025, una convocatoria que solo aplica para los varones.<\/p>\n<p>Registro en l\u00ednea: https:\/\/integral.dirmov.mil.ec\/aspirantes\/registro\/linea<\/p>\n<p>En caso de ser elegido, tendr\u00e1n que presentarse en las bases y centros de movilizaci\u00f3n del pa\u00eds entre el s\u00e1bado 26 y domingo 27 de abril desde las 07:00.<\/p>\n<p>\ud83c\udf10\u2705 S\u00edguenos en nuestra p\u00e1gina verificada: https:\/\/www.facebook.com\/lodelmomentolojaEC<\/p>\n<p>www.lodelmomentoloja.com<br \/>\n#LDMnoticias #lodelmomentolojaLDM<\/p>\n","protected":false},"excerpt":{"rendered":"<p>\ud83d\udd0a\ud83c\uddea\ud83c\udde8\ud83e\ude96 \u00a1Atenci\u00f3n recluta! La Direcci\u00f3n de Movilizaci\u00f3n del Comando Conjunto de las Fuerzas Armadas informa&#8230;<\/p>\n","protected":false},"author":1,"featured_media":25206,"comment_status":"open","ping_status":"open","sticky":false,"template":"","format":"standard","meta":{"footnotes":""},"categories":[7,1,5],"tags":[],"class_list":["post-25205","post","type-post","status-publish","format-standard","has-post-thumbnail","hentry","category-ecuador","category-inicio","category-loja"],"_links":{"self":[{"href":"https:\/\/www.lodelmomentoloja.com\/index.php?rest_route=\/wp\/v2\/posts\/25205"}],"collection":[{"href":"https:\/\/www.lodelmomentoloja.com\/index.php?rest_route=\/wp\/v2\/posts"}],"about":[{"href":"https:\/\/www.lodelmomentoloja.com\/index.php?rest_route=\/wp\/v2\/types\/post"}],"author":[{"embeddable":true,"href":"https:\/\/www.lodelmomentoloja.com\/index.php?rest_route=\/wp\/v2\/users\/1"}],"replies":[{"embeddable":true,"href":"https:\/\/www.lodelmomentoloja.com\/index.php?rest_route=%2Fwp%2Fv2%2Fcomments&post=25205"}],"version-history":[{"count":1,"href":"https:\/\/www.lodelmomentoloja.com\/index.php?rest_route=\/wp\/v2\/posts\/25205\/revisions"}],"predecessor-version":[{"id":25207,"href":"https:\/\/www.lodelmomentoloja.com\/index.php?rest_route=\/wp\/v2\/posts\/25205\/revisions\/25207"}],"wp:featuredmedia":[{"embeddable":true,"href":"https:\/\/www.lodelmomentoloja.com\/index.php?rest_route=\/wp\/v2\/media\/25206"}],"wp:attachment":[{"href":"https:\/\/www.lodelmomentoloja.com\/index.php?rest_route=%2Fwp%2Fv2%2Fmedia&parent=25205"}],"wp:term":[{"taxonomy":"category","embeddable":true,"href":"https:\/\/www.lodelmomentoloja.com\/index.php?rest_route=%2Fwp%2Fv2%2Fcategories&post=25205"},{"taxonomy":"post_tag","embeddable":true,"href":"https:\/\/www.lodelmomentoloja.com\/index.php?rest_route=%2Fwp%2Fv2%2Ftags&post=25205"}],"curies":[{"name":"wp","href":"https:\/\/api.w.org\/{rel}","templated":true}]}}