{"id":25185,"date":"2025-03-27T10:59:27","date_gmt":"2025-03-27T10:59:27","guid":{"rendered":"https:\/\/www.lodelmomentoloja.com\/?p=25185"},"modified":"2025-03-27T17:01:32","modified_gmt":"2025-03-27T17:01:32","slug":"enner-valencia-y-willian-pacho-en-el-once-ideal-de-la-conmebol","status":"publish","type":"post","link":"https:\/\/www.lodelmomentoloja.com\/?p=25185","title":{"rendered":"ENNER VALENCIA Y WILLIAN PACHO EN EL ONCE IDEAL DE LA CONMEBOL"},"content":{"rendered":"<p>\ud83c\uddea\ud83c\udde8\ud83d\udc4f\ud83c\udffb\u26bd\u00a1Los elegidos! Este 27 de marzo, la Confederaci\u00f3n Ecuatoriana de F\u00fatbol (Conmebol), public\u00f3 el equipo ideal de la fecha 13 y 14 de las Eliminatorias Sudamericanas, en donde dos seleccionados ecuatorianos, Enner Valencia y Willian Pacho fueron incluidos, tras sus excelentes actuaciones con la selecci\u00f3n ecuatoriana.<\/p>\n<p>Valencia como goleador hist\u00f3rico de la Tri (convirtiendo dos tantos ante Venezuela y uno contra Chile, este \u00faltimo siendo anulado por el VAR) y Pacho siendo una de las figuras centrales del mundo (tras su ardua jornada con el PSG y el combinado tricolor).<\/p>\n<p>\ud83c\udf10\u2705 S\u00edguenos en nuestra p\u00e1gina verificada: https:\/\/www.facebook.com\/lodelmomentolojaEC<\/p>\n<p>www.lodelmomentoloja.com<br \/>\n#LDMnoticias #lodelmomentolojaLDM<\/p>\n","protected":false},"excerpt":{"rendered":"<p>\ud83c\uddea\ud83c\udde8\ud83d\udc4f\ud83c\udffb\u26bd\u00a1Los elegidos! Este 27 de marzo, la Confederaci\u00f3n Ecuatoriana de F\u00fatbol (Conmebol), public\u00f3 el equipo&#8230;<\/p>\n","protected":false},"author":1,"featured_media":25186,"comment_status":"open","ping_status":"open","sticky":false,"template":"","format":"standard","meta":{"footnotes":""},"categories":[7,1,4],"tags":[],"class_list":["post-25185","post","type-post","status-publish","format-standard","has-post-thumbnail","hentry","category-ecuador","category-inicio","category-internacional"],"_links":{"self":[{"href":"https:\/\/www.lodelmomentoloja.com\/index.php?rest_route=\/wp\/v2\/posts\/25185"}],"collection":[{"href":"https:\/\/www.lodelmomentoloja.com\/index.php?rest_route=\/wp\/v2\/posts"}],"about":[{"href":"https:\/\/www.lodelmomentoloja.com\/index.php?rest_route=\/wp\/v2\/types\/post"}],"author":[{"embeddable":true,"href":"https:\/\/www.lodelmomentoloja.com\/index.php?rest_route=\/wp\/v2\/users\/1"}],"replies":[{"embeddable":true,"href":"https:\/\/www.lodelmomentoloja.com\/index.php?rest_route=%2Fwp%2Fv2%2Fcomments&post=25185"}],"version-history":[{"count":1,"href":"https:\/\/www.lodelmomentoloja.com\/index.php?rest_route=\/wp\/v2\/posts\/25185\/revisions"}],"predecessor-version":[{"id":25187,"href":"https:\/\/www.lodelmomentoloja.com\/index.php?rest_route=\/wp\/v2\/posts\/25185\/revisions\/25187"}],"wp:featuredmedia":[{"embeddable":true,"href":"https:\/\/www.lodelmomentoloja.com\/index.php?rest_route=\/wp\/v2\/media\/25186"}],"wp:attachment":[{"href":"https:\/\/www.lodelmomentoloja.com\/index.php?rest_route=%2Fwp%2Fv2%2Fmedia&parent=25185"}],"wp:term":[{"taxonomy":"category","embeddable":true,"href":"https:\/\/www.lodelmomentoloja.com\/index.php?rest_route=%2Fwp%2Fv2%2Fcategories&post=25185"},{"taxonomy":"post_tag","embeddable":true,"href":"https:\/\/www.lodelmomentoloja.com\/index.php?rest_route=%2Fwp%2Fv2%2Ftags&post=25185"}],"curies":[{"name":"wp","href":"https:\/\/api.w.org\/{rel}","templated":true}]}}