{"id":25153,"date":"2025-03-25T15:18:50","date_gmt":"2025-03-25T15:18:50","guid":{"rendered":"https:\/\/www.lodelmomentoloja.com\/?p=25153"},"modified":"2025-03-25T20:20:07","modified_gmt":"2025-03-25T20:20:07","slug":"29-anos-de-prision-por-v10l4c1on-inc3stuos4","status":"publish","type":"post","link":"https:\/\/www.lodelmomentoloja.com\/?p=25153","title":{"rendered":"29 A\u00d1OS DE PRISI\u00d3N POR V10L4C1\u00d3N INC3STUOS4"},"content":{"rendered":"<p>La Fiscal\u00eda General del Estado obtuvo una sentencia de veintinueve a\u00f1os y cuatro meses de prisi\u00f3n contra Carlos Alberto S., declarado culpable del delito de violaci\u00f3n incestuosa. La v\u00edctima fue su propia hija.<\/p>\n<p>Adem\u00e1s, el Tribunal impuso el pago de una reparaci\u00f3n integral de 10.000 d\u00f3lares a favor de la v\u00edctima, quien ten\u00eda 15 a\u00f1os cuando ocurri\u00f3 el delito. La multa se detallar\u00e1 en la sentencia escrita.<br \/>\nEl delito ocurri\u00f3 el 3 de marzo de 2020, en la vivienda familiar ubicada en la parroquia El Cisne, cant\u00f3n Loja. Ese d\u00eda, la madre de la adolescente hab\u00eda viajado para cumplir con labores agr\u00edcolas, lo que fue aprovechado por el agresor para cometer el delito. Luego, le pidi\u00f3 a la v\u00edctima que no contara lo sucedido.<\/p>\n<p>D\u00edas despu\u00e9s, la joven contact\u00f3 a su t\u00edo para informarle que iba a presentar una denuncia y que la esperara en la Terminal Terrestre de Loja, advirti\u00e9ndole que no avisara a sus padres. Preocupado, \u00e9l llam\u00f3 a la madre de la v\u00edctima, pero su conversaci\u00f3n fue escuchada por el agresor, quien de inmediato contact\u00f3 a un profesor del colegio donde estudiaba su hija para pedirle hablar con ella e intentar persuadirla de no denunciarlo.<\/p>\n<p>La reacci\u00f3n de la adolescente alert\u00f3 al profesor, quien le pregunt\u00f3 qu\u00e9 ocurr\u00eda. Ella revel\u00f3 que hab\u00eda sido agredida sexualmente por su padre. Inmediatamente, junto con la rectora del establecimiento educativo, presentaron la denuncia ante Fiscal\u00eda, lo que permiti\u00f3 iniciar la investigaci\u00f3n y procesar penalmente al responsable.<\/p>\n<p>Durante la audiencia de juzgamiento, la Fiscal del caso present\u00f3 el testimonio anticipado de la v\u00edctima, en el que detall\u00f3 la forma en que ocurri\u00f3 el delito e identific\u00f3 a su padre biol\u00f3gico como el agresor. Los testimonios de la madre, del t\u00edo de la joven y de los funcionarios de la instituci\u00f3n educativa.<\/p>\n<p>Tambi\u00e9n se dio a conocer el informe de reconocimiento del lugar de los hechos, el informe m\u00e9dico-legal y los testimonios del perito psic\u00f3logo (qui\u00e9n determin\u00f3 que la adolescente sufr\u00eda trastorno de estr\u00e9s postraum\u00e1tico agudo), y de la perito de trabajo social.<br \/>\nCon base en estas y otras pruebas, el Tribunal a cargo de la audiencia acogi\u00f3 la tesis de Fiscal\u00eda y dict\u00f3 la pena solicitada.<\/p>\n<p>\u2696\ufe0f \ud835\udc08\ud835\udc27\ud835\udc1f\ud835\udc28\ud835\udc2b\ud835\udc26\ud835\udc1a\ud835\udc1c\ud835\udc22\ud835\udc28\u0301\ud835\udc27 \ud835\udc23\ud835\udc2e\ud835\udc2b\ud835\udc22\u0301\ud835\udc1d\ud835\udc22\ud835\udc1c\ud835\udc1a<br \/>\nEl art\u00edculo 171.1 del C\u00f3digo Org\u00e1nico Integral Penal (COIP) sanciona la violaci\u00f3n incestuosa con una pena de veintid\u00f3s a veintis\u00e9is a\u00f1os de prisi\u00f3n. En este caso, se aplicaron agravantes, lo que aument\u00f3 la pena impuesta.<\/p>\n","protected":false},"excerpt":{"rendered":"<p>La Fiscal\u00eda General del Estado obtuvo una sentencia de veintinueve a\u00f1os y cuatro meses de&#8230;<\/p>\n","protected":false},"author":1,"featured_media":25154,"comment_status":"open","ping_status":"open","sticky":false,"template":"","format":"standard","meta":{"footnotes":""},"categories":[7,1,5],"tags":[],"class_list":["post-25153","post","type-post","status-publish","format-standard","has-post-thumbnail","hentry","category-ecuador","category-inicio","category-loja"],"_links":{"self":[{"href":"https:\/\/www.lodelmomentoloja.com\/index.php?rest_route=\/wp\/v2\/posts\/25153"}],"collection":[{"href":"https:\/\/www.lodelmomentoloja.com\/index.php?rest_route=\/wp\/v2\/posts"}],"about":[{"href":"https:\/\/www.lodelmomentoloja.com\/index.php?rest_route=\/wp\/v2\/types\/post"}],"author":[{"embeddable":true,"href":"https:\/\/www.lodelmomentoloja.com\/index.php?rest_route=\/wp\/v2\/users\/1"}],"replies":[{"embeddable":true,"href":"https:\/\/www.lodelmomentoloja.com\/index.php?rest_route=%2Fwp%2Fv2%2Fcomments&post=25153"}],"version-history":[{"count":1,"href":"https:\/\/www.lodelmomentoloja.com\/index.php?rest_route=\/wp\/v2\/posts\/25153\/revisions"}],"predecessor-version":[{"id":25155,"href":"https:\/\/www.lodelmomentoloja.com\/index.php?rest_route=\/wp\/v2\/posts\/25153\/revisions\/25155"}],"wp:featuredmedia":[{"embeddable":true,"href":"https:\/\/www.lodelmomentoloja.com\/index.php?rest_route=\/wp\/v2\/media\/25154"}],"wp:attachment":[{"href":"https:\/\/www.lodelmomentoloja.com\/index.php?rest_route=%2Fwp%2Fv2%2Fmedia&parent=25153"}],"wp:term":[{"taxonomy":"category","embeddable":true,"href":"https:\/\/www.lodelmomentoloja.com\/index.php?rest_route=%2Fwp%2Fv2%2Fcategories&post=25153"},{"taxonomy":"post_tag","embeddable":true,"href":"https:\/\/www.lodelmomentoloja.com\/index.php?rest_route=%2Fwp%2Fv2%2Ftags&post=25153"}],"curies":[{"name":"wp","href":"https:\/\/api.w.org\/{rel}","templated":true}]}}