{"id":25147,"date":"2025-03-25T11:54:37","date_gmt":"2025-03-25T11:54:37","guid":{"rendered":"https:\/\/www.lodelmomentoloja.com\/?p=25147"},"modified":"2025-03-25T16:57:46","modified_gmt":"2025-03-25T16:57:46","slug":"veronica-abad-fue-suspendida-de-derechos-politicos-por-dos-anos","status":"publish","type":"post","link":"https:\/\/www.lodelmomentoloja.com\/?p=25147","title":{"rendered":"VER\u00d3NICA ABAD FUE SUSPENDIDA DE DERECHOS POL\u00cdTICOS POR DOS A\u00d1OS"},"content":{"rendered":"<p>\ud83d\ude31\ud83d\udcc4\ud83d\udde3\ufe0f\u00a1Suspendida y multada! El Tribunal Contencioso Electoral (TCE), ratific\u00f3 en sentencia de segunda instancia la suspensi\u00f3n de la vicepresidenta Ver\u00f3nica Abad, por un lapso de dos a\u00f1os, perdiendo sus derechos pol\u00edticos, puesto que el organismo ratific\u00f3 una sentencia en su contra, por violencia pol\u00edtica de g\u00e9nero. El fallo del TCE lleg\u00f3 luego del mediod\u00eda del 24 de marzo, y ratific\u00f3 todo lo actuado por el juez Guillermo Ortega en la sentencia de primera instancia, es decir, suspendi\u00f3 a Abad y la mult\u00f3 a pagar USD 14.100 d\u00f3lares americanos.<\/p>\n<p>Ante ello Abad anunci\u00f3 que dicha suspensi\u00f3n, no es causal para remover o destituirla del cargo, caso contrario ser\u00eda un fraude constitucional.<\/p>\n<p>\ud83c\udf10\u2705 S\u00edguenos en nuestra p\u00e1gina verificada: https:\/\/www.facebook.com\/lodelmomentolojaEC<\/p>\n<p>www.lodelmomentoloja.com<br \/>\n#LDMnoticias #lodelmomentolojaLDM<\/p>\n","protected":false},"excerpt":{"rendered":"<p>\ud83d\ude31\ud83d\udcc4\ud83d\udde3\ufe0f\u00a1Suspendida y multada! El Tribunal Contencioso Electoral (TCE), ratific\u00f3 en sentencia de segunda instancia la&#8230;<\/p>\n","protected":false},"author":1,"featured_media":25148,"comment_status":"open","ping_status":"open","sticky":false,"template":"","format":"standard","meta":{"footnotes":""},"categories":[7,1],"tags":[],"class_list":["post-25147","post","type-post","status-publish","format-standard","has-post-thumbnail","hentry","category-ecuador","category-inicio"],"_links":{"self":[{"href":"https:\/\/www.lodelmomentoloja.com\/index.php?rest_route=\/wp\/v2\/posts\/25147"}],"collection":[{"href":"https:\/\/www.lodelmomentoloja.com\/index.php?rest_route=\/wp\/v2\/posts"}],"about":[{"href":"https:\/\/www.lodelmomentoloja.com\/index.php?rest_route=\/wp\/v2\/types\/post"}],"author":[{"embeddable":true,"href":"https:\/\/www.lodelmomentoloja.com\/index.php?rest_route=\/wp\/v2\/users\/1"}],"replies":[{"embeddable":true,"href":"https:\/\/www.lodelmomentoloja.com\/index.php?rest_route=%2Fwp%2Fv2%2Fcomments&post=25147"}],"version-history":[{"count":1,"href":"https:\/\/www.lodelmomentoloja.com\/index.php?rest_route=\/wp\/v2\/posts\/25147\/revisions"}],"predecessor-version":[{"id":25149,"href":"https:\/\/www.lodelmomentoloja.com\/index.php?rest_route=\/wp\/v2\/posts\/25147\/revisions\/25149"}],"wp:featuredmedia":[{"embeddable":true,"href":"https:\/\/www.lodelmomentoloja.com\/index.php?rest_route=\/wp\/v2\/media\/25148"}],"wp:attachment":[{"href":"https:\/\/www.lodelmomentoloja.com\/index.php?rest_route=%2Fwp%2Fv2%2Fmedia&parent=25147"}],"wp:term":[{"taxonomy":"category","embeddable":true,"href":"https:\/\/www.lodelmomentoloja.com\/index.php?rest_route=%2Fwp%2Fv2%2Fcategories&post=25147"},{"taxonomy":"post_tag","embeddable":true,"href":"https:\/\/www.lodelmomentoloja.com\/index.php?rest_route=%2Fwp%2Fv2%2Ftags&post=25147"}],"curies":[{"name":"wp","href":"https:\/\/api.w.org\/{rel}","templated":true}]}}