{"id":25141,"date":"2025-03-25T09:46:51","date_gmt":"2025-03-25T09:46:51","guid":{"rendered":"https:\/\/www.lodelmomentoloja.com\/?p=25141"},"modified":"2025-03-25T15:49:23","modified_gmt":"2025-03-25T15:49:23","slug":"presunto-4s3s1n0-de-un-policia-fue-puesto-en-libertad-pp-nn-rechaza-la-decision","status":"publish","type":"post","link":"https:\/\/www.lodelmomentoloja.com\/?p=25141","title":{"rendered":"PRESUNTO 4S3S1N0 DE UN POLIC\u00cdA FUE PUESTO EN LIBERTAD, PP.NN RECHAZA LA DECISI\u00d3N"},"content":{"rendered":"<p>\ud83d\ude28\ud83d\udc68\ud83c\udffb\u200d\u2696\ufe0f\u2696\ufe0f\u00a1Polic\u00eda rechaza la decisi\u00f3n! Jueces de la Sala de la Corte Provincial de Justicia del Ca\u00f1ar, optaron por revocar la prisi\u00f3n preventiva contra Manuel J. O., detenido el pasado 24 de febrero, por el presunto 4s3s1n4t0 del capit\u00e1n de la polic\u00eda Darwin Sinmaleza. Seg\u00fan se puso a conocimiento, dos de tres magistrados que conocieron la apelaci\u00f3n de esta medida cautelar, decidieron dejar en libertad al procesado, al considerar que la Fiscal\u00eda General del Estado, no present\u00f3 elementos de convicci\u00f3n claros y precisos para justificar la prisi\u00f3n preventiva.<\/p>\n<p>Con ello, Manuel O. deja la c\u00e1rcel de Azogues para defenderse en libertad y deber\u00e1 cumplir\u00e1 con presentaci\u00f3n peri\u00f3dica ante la Fiscal\u00eda, teniendo en cuenta que tiene prohibici\u00f3n de salida del pa\u00eds.<\/p>\n<p>Ante dicha decisi\u00f3n, PP.NN. manifest\u00f3, mediante un comunicado, que estas decisiones no garantizan la seguridad jur\u00eddica y solicit\u00f3 al Consejo de la Judicatura, que se investigue el actuar de los jueces.<\/p>\n<p>\ud83c\udf10\u2705 S\u00edguenos en nuestra p\u00e1gina verificada: https:\/\/www.facebook.com\/lodelmomentolojaEC<\/p>\n<p>www.lodelmomentoloja.com<br \/>\n#LDMnoticias #lodelmomentolojaLDM<\/p>\n","protected":false},"excerpt":{"rendered":"<p>\ud83d\ude28\ud83d\udc68\ud83c\udffb\u200d\u2696\ufe0f\u2696\ufe0f\u00a1Polic\u00eda rechaza la decisi\u00f3n! Jueces de la Sala de la Corte Provincial de Justicia del&#8230;<\/p>\n","protected":false},"author":1,"featured_media":25142,"comment_status":"open","ping_status":"open","sticky":false,"template":"","format":"standard","meta":{"footnotes":""},"categories":[7,1],"tags":[],"class_list":["post-25141","post","type-post","status-publish","format-standard","has-post-thumbnail","hentry","category-ecuador","category-inicio"],"_links":{"self":[{"href":"https:\/\/www.lodelmomentoloja.com\/index.php?rest_route=\/wp\/v2\/posts\/25141"}],"collection":[{"href":"https:\/\/www.lodelmomentoloja.com\/index.php?rest_route=\/wp\/v2\/posts"}],"about":[{"href":"https:\/\/www.lodelmomentoloja.com\/index.php?rest_route=\/wp\/v2\/types\/post"}],"author":[{"embeddable":true,"href":"https:\/\/www.lodelmomentoloja.com\/index.php?rest_route=\/wp\/v2\/users\/1"}],"replies":[{"embeddable":true,"href":"https:\/\/www.lodelmomentoloja.com\/index.php?rest_route=%2Fwp%2Fv2%2Fcomments&post=25141"}],"version-history":[{"count":1,"href":"https:\/\/www.lodelmomentoloja.com\/index.php?rest_route=\/wp\/v2\/posts\/25141\/revisions"}],"predecessor-version":[{"id":25143,"href":"https:\/\/www.lodelmomentoloja.com\/index.php?rest_route=\/wp\/v2\/posts\/25141\/revisions\/25143"}],"wp:featuredmedia":[{"embeddable":true,"href":"https:\/\/www.lodelmomentoloja.com\/index.php?rest_route=\/wp\/v2\/media\/25142"}],"wp:attachment":[{"href":"https:\/\/www.lodelmomentoloja.com\/index.php?rest_route=%2Fwp%2Fv2%2Fmedia&parent=25141"}],"wp:term":[{"taxonomy":"category","embeddable":true,"href":"https:\/\/www.lodelmomentoloja.com\/index.php?rest_route=%2Fwp%2Fv2%2Fcategories&post=25141"},{"taxonomy":"post_tag","embeddable":true,"href":"https:\/\/www.lodelmomentoloja.com\/index.php?rest_route=%2Fwp%2Fv2%2Ftags&post=25141"}],"curies":[{"name":"wp","href":"https:\/\/api.w.org\/{rel}","templated":true}]}}