{"id":25095,"date":"2025-03-20T09:35:38","date_gmt":"2025-03-20T09:35:38","guid":{"rendered":"https:\/\/www.lodelmomentoloja.com\/?p=25095"},"modified":"2025-03-20T15:38:11","modified_gmt":"2025-03-20T15:38:11","slug":"papa-francisco-mejora-en-su-salud","status":"publish","type":"post","link":"https:\/\/www.lodelmomentoloja.com\/?p=25095","title":{"rendered":"PAPA FRANCISCO MEJORA EN SU SALUD"},"content":{"rendered":"<p>\ud83c\udfe5\ud83d\udd4a\ufe0f\u26ea\u00a1Una buena noticia! El papa Francisco dej\u00f3 de utilizar una m\u00e1scara de ox\u00edgeno, anunci\u00f3 el Vaticano el mi\u00e9rcoles, agregando que las condiciones cl\u00ednicas del pont\u00edfice, de 88 a\u00f1os, est\u00e1n \u201cmejorando\u201d tras m\u00e1s de un mes hospitalizado. Bergoglio lleva ingresado en el hospital Gemelli de Roma desde el 14 de febrero por una neumon\u00eda en ambos pulmones, pero la Santa Sede inform\u00f3 de recientes progresos despu\u00e9s de un periodo cr\u00edtico marcado por crisis respiratorias que hicieron temer por su vida. Se ha \u201csuspendido la ventilaci\u00f3n mec\u00e1nica no invasiva y tambi\u00e9n se redujo la necesidad de oxigenoterapia de alto flujo\u201d, indic\u00f3, a\u00f1adiendo que hay progresos en la fisioterapia motora y respiratoria del papa.<\/p>\n<p>\ud83c\udf10\u2705 S\u00edguenos en nuestra p\u00e1gina verificada: https:\/\/www.facebook.com\/lodelmomentolojaEC<\/p>\n<p>www.lodelmomentoloja.com<br \/>\n#LDMnoticias #lodelmomentolojaLDM<\/p>\n","protected":false},"excerpt":{"rendered":"<p>\ud83c\udfe5\ud83d\udd4a\ufe0f\u26ea\u00a1Una buena noticia! El papa Francisco dej\u00f3 de utilizar una m\u00e1scara de ox\u00edgeno, anunci\u00f3 el&#8230;<\/p>\n","protected":false},"author":1,"featured_media":25096,"comment_status":"open","ping_status":"open","sticky":false,"template":"","format":"standard","meta":{"footnotes":""},"categories":[7,1,4],"tags":[],"class_list":["post-25095","post","type-post","status-publish","format-standard","has-post-thumbnail","hentry","category-ecuador","category-inicio","category-internacional"],"_links":{"self":[{"href":"https:\/\/www.lodelmomentoloja.com\/index.php?rest_route=\/wp\/v2\/posts\/25095"}],"collection":[{"href":"https:\/\/www.lodelmomentoloja.com\/index.php?rest_route=\/wp\/v2\/posts"}],"about":[{"href":"https:\/\/www.lodelmomentoloja.com\/index.php?rest_route=\/wp\/v2\/types\/post"}],"author":[{"embeddable":true,"href":"https:\/\/www.lodelmomentoloja.com\/index.php?rest_route=\/wp\/v2\/users\/1"}],"replies":[{"embeddable":true,"href":"https:\/\/www.lodelmomentoloja.com\/index.php?rest_route=%2Fwp%2Fv2%2Fcomments&post=25095"}],"version-history":[{"count":1,"href":"https:\/\/www.lodelmomentoloja.com\/index.php?rest_route=\/wp\/v2\/posts\/25095\/revisions"}],"predecessor-version":[{"id":25097,"href":"https:\/\/www.lodelmomentoloja.com\/index.php?rest_route=\/wp\/v2\/posts\/25095\/revisions\/25097"}],"wp:featuredmedia":[{"embeddable":true,"href":"https:\/\/www.lodelmomentoloja.com\/index.php?rest_route=\/wp\/v2\/media\/25096"}],"wp:attachment":[{"href":"https:\/\/www.lodelmomentoloja.com\/index.php?rest_route=%2Fwp%2Fv2%2Fmedia&parent=25095"}],"wp:term":[{"taxonomy":"category","embeddable":true,"href":"https:\/\/www.lodelmomentoloja.com\/index.php?rest_route=%2Fwp%2Fv2%2Fcategories&post=25095"},{"taxonomy":"post_tag","embeddable":true,"href":"https:\/\/www.lodelmomentoloja.com\/index.php?rest_route=%2Fwp%2Fv2%2Ftags&post=25095"}],"curies":[{"name":"wp","href":"https:\/\/api.w.org\/{rel}","templated":true}]}}