{"id":24972,"date":"2025-03-10T09:26:42","date_gmt":"2025-03-10T09:26:42","guid":{"rendered":"https:\/\/www.lodelmomentoloja.com\/?p=24972"},"modified":"2025-03-10T14:31:56","modified_gmt":"2025-03-10T14:31:56","slug":"lider-sandra-chamba-fue-victima-de-femicidio-en-el-dia-de-la-mujer","status":"publish","type":"post","link":"https:\/\/www.lodelmomentoloja.com\/?p=24972","title":{"rendered":"L\u00edder Sandra Chamba fue v\u00edctima de femicidio en el D\u00eda de la Mujer"},"content":{"rendered":"<p>\ud83d\udfe3\ud83e\udd7a\u271d\ufe0f \u00a1T3rribl3 suceso! Mientras miles de mujeres marchaban por sus derechos, el pasado 8 de marzo de 2025, en el marco del D\u00eda Internacional de la Mujer, Sandra Chamba una destacada activista de 37 a\u00f1os, fue 4s3s1n4d4 por su expareja en su hogar, quien posteriormente se sv1c1d\u00f3, dejando a dos ni\u00f1as en la orfandad y a una comunidad conmocionada por el cr1m3n.<\/p>\n<p>Sandra Chamba era una l\u00edder en organizaciones como \u2018Mujeres Contando\u2019 y \u2018Yo Apoyo\u2019, luch\u00f3 por la equidad, la justicia y la erradicaci\u00f3n de la v10l3nc14 machista.<\/p>\n<p>\ud83c\udf10\u2705 S\u00edguenos en nuestra p\u00e1gina verificada: https:\/\/www.facebook.com\/lodelmomentolojaEC<\/p>\n<p>www.lodelmomentoloja.com<br \/>\n#LDMnoticias #lodelmomentolojaLDM<\/p>\n","protected":false},"excerpt":{"rendered":"<p>\ud83d\udfe3\ud83e\udd7a\u271d\ufe0f \u00a1T3rribl3 suceso! Mientras miles de mujeres marchaban por sus derechos, el pasado 8 de&#8230;<\/p>\n","protected":false},"author":1,"featured_media":24973,"comment_status":"open","ping_status":"open","sticky":false,"template":"","format":"standard","meta":{"footnotes":""},"categories":[7,1],"tags":[],"class_list":["post-24972","post","type-post","status-publish","format-standard","has-post-thumbnail","hentry","category-ecuador","category-inicio"],"_links":{"self":[{"href":"https:\/\/www.lodelmomentoloja.com\/index.php?rest_route=\/wp\/v2\/posts\/24972"}],"collection":[{"href":"https:\/\/www.lodelmomentoloja.com\/index.php?rest_route=\/wp\/v2\/posts"}],"about":[{"href":"https:\/\/www.lodelmomentoloja.com\/index.php?rest_route=\/wp\/v2\/types\/post"}],"author":[{"embeddable":true,"href":"https:\/\/www.lodelmomentoloja.com\/index.php?rest_route=\/wp\/v2\/users\/1"}],"replies":[{"embeddable":true,"href":"https:\/\/www.lodelmomentoloja.com\/index.php?rest_route=%2Fwp%2Fv2%2Fcomments&post=24972"}],"version-history":[{"count":1,"href":"https:\/\/www.lodelmomentoloja.com\/index.php?rest_route=\/wp\/v2\/posts\/24972\/revisions"}],"predecessor-version":[{"id":24974,"href":"https:\/\/www.lodelmomentoloja.com\/index.php?rest_route=\/wp\/v2\/posts\/24972\/revisions\/24974"}],"wp:featuredmedia":[{"embeddable":true,"href":"https:\/\/www.lodelmomentoloja.com\/index.php?rest_route=\/wp\/v2\/media\/24973"}],"wp:attachment":[{"href":"https:\/\/www.lodelmomentoloja.com\/index.php?rest_route=%2Fwp%2Fv2%2Fmedia&parent=24972"}],"wp:term":[{"taxonomy":"category","embeddable":true,"href":"https:\/\/www.lodelmomentoloja.com\/index.php?rest_route=%2Fwp%2Fv2%2Fcategories&post=24972"},{"taxonomy":"post_tag","embeddable":true,"href":"https:\/\/www.lodelmomentoloja.com\/index.php?rest_route=%2Fwp%2Fv2%2Ftags&post=24972"}],"curies":[{"name":"wp","href":"https:\/\/api.w.org\/{rel}","templated":true}]}}