{"id":24915,"date":"2025-02-27T12:05:01","date_gmt":"2025-02-27T12:05:01","guid":{"rendered":"https:\/\/www.lodelmomentoloja.com\/?p=24915"},"modified":"2025-02-27T17:06:27","modified_gmt":"2025-02-27T17:06:27","slug":"redescubrimiento-del-pachay-de-galapagos","status":"publish","type":"post","link":"https:\/\/www.lodelmomentoloja.com\/?p=24915","title":{"rendered":"REDESCUBRIMIENTO DEL PACHAY DE GAL\u00c1PAGOS"},"content":{"rendered":"<p>\ud83d\ude31\ud83d\udd75\ud83c\udffb\u200d\u2642\ufe0f\ud83d\udd4a\ufe0f\u00a1Un hito para la restauraci\u00f3n ecol\u00f3gica! La Direcci\u00f3n del Parque Nacional Gal\u00e1pagos (DPNG), informa que junto a cient\u00edficos de la Fundaci\u00f3n Charles Darwin (FCD) y la Fundaci\u00f3n de Conservaci\u00f3n Jocotoco, confirmaron la presencia del Pachay de Gal\u00e1pagos (Laterallus spilonota) en Floreana. Esta ave terrestre end\u00e9mica no se registraba en la isla desde hace casi dos siglos (1835 cuando fue documentada por primera vez por Charles Darwin) y se consideraba extinta localmente.<\/p>\n<p>Dato: Esta peque\u00f1a ave pesa entre 35 y 45 gramos, con plumaje gris oscuro, dorso marr\u00f3n, ojos rojos y motas blancas en la parte trasera, ausentes en los juveniles.<\/p>\n<p>\ud83c\udf10\u2705 S\u00edguenos en nuestra p\u00e1gina verificada: https:\/\/www.facebook.com\/lodelmomentolojaEC<\/p>\n<p>www.lodelmomentoloja.com<br \/>\n#LDMnoticias #lodelmomentolojaLDM<\/p>\n","protected":false},"excerpt":{"rendered":"<p>\ud83d\ude31\ud83d\udd75\ud83c\udffb\u200d\u2642\ufe0f\ud83d\udd4a\ufe0f\u00a1Un hito para la restauraci\u00f3n ecol\u00f3gica! La Direcci\u00f3n del Parque Nacional Gal\u00e1pagos (DPNG), informa que&#8230;<\/p>\n","protected":false},"author":1,"featured_media":24916,"comment_status":"open","ping_status":"open","sticky":false,"template":"","format":"standard","meta":{"footnotes":""},"categories":[7,1,4],"tags":[],"class_list":["post-24915","post","type-post","status-publish","format-standard","has-post-thumbnail","hentry","category-ecuador","category-inicio","category-internacional"],"_links":{"self":[{"href":"https:\/\/www.lodelmomentoloja.com\/index.php?rest_route=\/wp\/v2\/posts\/24915"}],"collection":[{"href":"https:\/\/www.lodelmomentoloja.com\/index.php?rest_route=\/wp\/v2\/posts"}],"about":[{"href":"https:\/\/www.lodelmomentoloja.com\/index.php?rest_route=\/wp\/v2\/types\/post"}],"author":[{"embeddable":true,"href":"https:\/\/www.lodelmomentoloja.com\/index.php?rest_route=\/wp\/v2\/users\/1"}],"replies":[{"embeddable":true,"href":"https:\/\/www.lodelmomentoloja.com\/index.php?rest_route=%2Fwp%2Fv2%2Fcomments&post=24915"}],"version-history":[{"count":1,"href":"https:\/\/www.lodelmomentoloja.com\/index.php?rest_route=\/wp\/v2\/posts\/24915\/revisions"}],"predecessor-version":[{"id":24917,"href":"https:\/\/www.lodelmomentoloja.com\/index.php?rest_route=\/wp\/v2\/posts\/24915\/revisions\/24917"}],"wp:featuredmedia":[{"embeddable":true,"href":"https:\/\/www.lodelmomentoloja.com\/index.php?rest_route=\/wp\/v2\/media\/24916"}],"wp:attachment":[{"href":"https:\/\/www.lodelmomentoloja.com\/index.php?rest_route=%2Fwp%2Fv2%2Fmedia&parent=24915"}],"wp:term":[{"taxonomy":"category","embeddable":true,"href":"https:\/\/www.lodelmomentoloja.com\/index.php?rest_route=%2Fwp%2Fv2%2Fcategories&post=24915"},{"taxonomy":"post_tag","embeddable":true,"href":"https:\/\/www.lodelmomentoloja.com\/index.php?rest_route=%2Fwp%2Fv2%2Ftags&post=24915"}],"curies":[{"name":"wp","href":"https:\/\/api.w.org\/{rel}","templated":true}]}}