{"id":24906,"date":"2025-02-27T09:48:11","date_gmt":"2025-02-27T09:48:11","guid":{"rendered":"https:\/\/www.lodelmomentoloja.com\/?p=24906"},"modified":"2025-02-27T15:49:20","modified_gmt":"2025-02-27T15:49:20","slug":"dia-del-civismo-ecuatoriano","status":"publish","type":"post","link":"https:\/\/www.lodelmomentoloja.com\/?p=24906","title":{"rendered":"DIA DEL CIVISMO ECUATORIANO"},"content":{"rendered":"<p>\ud83c\uddea\ud83c\udde8\ud83e\ude96\ud83d\udee1\ufe0f \u00a1Un d\u00eda para honrar nuestra historia! Este 27 de febrero, se conmemoran 196 a\u00f1os de la Batalla de Tarqui, recordando la valent\u00eda de quienes defendieron nuestra patria en dicha batalla, que ocurri\u00f3 en la\u00a0actual provincia de Azuay, al sur de Cuenca, entre las tropas de la Gran Colombia y el Ej\u00e9rcito peruano, liderado por el mariscal\u00a0Jos\u00e9 de La Mar.<\/p>\n<p>El 27 de febrero de 1981, el presidente Jaime Rold\u00f3s determin\u00f3 mediante Decreto Ejecutivo que todos los 27 de febrero se conmemore el D\u00eda de la Unidad Nacional,\u00a0como un llamado de patriotismo y de uni\u00f3n entre todos los ecuatorianos.<\/p>\n<p>\ud83c\udf10\u2705 S\u00edguenos en nuestra p\u00e1gina verificada: https:\/\/www.facebook.com\/lodelmomentolojaEC<\/p>\n<p>www.lodelmomentoloja.com<br \/>\n#LDMnoticias #lodelmomentolojaLDM<\/p>\n","protected":false},"excerpt":{"rendered":"<p>\ud83c\uddea\ud83c\udde8\ud83e\ude96\ud83d\udee1\ufe0f \u00a1Un d\u00eda para honrar nuestra historia! Este 27 de febrero, se conmemoran 196 a\u00f1os&#8230;<\/p>\n","protected":false},"author":1,"featured_media":24907,"comment_status":"open","ping_status":"open","sticky":false,"template":"","format":"standard","meta":{"footnotes":""},"categories":[7,1,5],"tags":[],"class_list":["post-24906","post","type-post","status-publish","format-standard","has-post-thumbnail","hentry","category-ecuador","category-inicio","category-loja"],"_links":{"self":[{"href":"https:\/\/www.lodelmomentoloja.com\/index.php?rest_route=\/wp\/v2\/posts\/24906"}],"collection":[{"href":"https:\/\/www.lodelmomentoloja.com\/index.php?rest_route=\/wp\/v2\/posts"}],"about":[{"href":"https:\/\/www.lodelmomentoloja.com\/index.php?rest_route=\/wp\/v2\/types\/post"}],"author":[{"embeddable":true,"href":"https:\/\/www.lodelmomentoloja.com\/index.php?rest_route=\/wp\/v2\/users\/1"}],"replies":[{"embeddable":true,"href":"https:\/\/www.lodelmomentoloja.com\/index.php?rest_route=%2Fwp%2Fv2%2Fcomments&post=24906"}],"version-history":[{"count":1,"href":"https:\/\/www.lodelmomentoloja.com\/index.php?rest_route=\/wp\/v2\/posts\/24906\/revisions"}],"predecessor-version":[{"id":24908,"href":"https:\/\/www.lodelmomentoloja.com\/index.php?rest_route=\/wp\/v2\/posts\/24906\/revisions\/24908"}],"wp:featuredmedia":[{"embeddable":true,"href":"https:\/\/www.lodelmomentoloja.com\/index.php?rest_route=\/wp\/v2\/media\/24907"}],"wp:attachment":[{"href":"https:\/\/www.lodelmomentoloja.com\/index.php?rest_route=%2Fwp%2Fv2%2Fmedia&parent=24906"}],"wp:term":[{"taxonomy":"category","embeddable":true,"href":"https:\/\/www.lodelmomentoloja.com\/index.php?rest_route=%2Fwp%2Fv2%2Fcategories&post=24906"},{"taxonomy":"post_tag","embeddable":true,"href":"https:\/\/www.lodelmomentoloja.com\/index.php?rest_route=%2Fwp%2Fv2%2Ftags&post=24906"}],"curies":[{"name":"wp","href":"https:\/\/api.w.org\/{rel}","templated":true}]}}