{"id":24869,"date":"2025-02-24T15:18:29","date_gmt":"2025-02-24T15:18:29","guid":{"rendered":"https:\/\/www.lodelmomentoloja.com\/?p=24869"},"modified":"2025-02-24T20:19:25","modified_gmt":"2025-02-24T20:19:25","slug":"costa-ecuatoriana-declarada-en-emergencia-tras-lluvias","status":"publish","type":"post","link":"https:\/\/www.lodelmomentoloja.com\/?p=24869","title":{"rendered":"COSTA ECUATORIANA DECLARADA EN EMERGENCIA TRAS LLUVIAS"},"content":{"rendered":"<p>\ud83d\ude31\u26a0\ufe0f\ud83c\uddea\ud83c\udde8\u00a1Est\u00e1 complicado! El Comit\u00e9 de Operaciones de Emergencia (COE) Nacional llev\u00f3 a cabo la sesi\u00f3n al medio d\u00eda de hoy, lunes 24 de febrero 2025, para tratar las fuertes lluvias que generan grandes problemas, en especial a las provincias de la costa ecuatoriana. En ese sentido, hace poco, algo m\u00e1s de una hora, la ministra de Energ\u00eda, In\u00e9s Manzano, inform\u00f3 mediante su cuenta de X algunas resoluciones tomadas.<\/p>\n<p>1. Se declara en emergencia regional a las provincias de la Costa: Esmeraldas, Manab\u00ed, Guayas, Santa Elena, Los R\u00edos y El Oro;<br \/>\n2. TODAS las Prefecturas y Municipios del Ecuador deben activarse y acatar las indicaciones del COE Nacional y salvaguardar la vida ciudadana, su bienestar e infraestructuras;<br \/>\n3. Se activan los recursos econ\u00f3micos para esta declaratoria de emergencia.<br \/>\nEn lo que va del 2025, la cifras hablan de un ascenso a 9 personas f4ll3c1d4s asociados por lluvias, 858 eventos adversos entre deslizamientos (43,59 %), inundaciones (35,55 %), colapsos estructurales (5,71 %), socavamientos (5,71%) y vendavales (4,20%); y 23.2 km de carreteras est\u00e1n afectados.<\/p>\n<p>\ud83c\udf10\u2705 S\u00edguenos en nuestra p\u00e1gina verificada: https:\/\/www.facebook.com\/lodelmomentolojaEC<\/p>\n<p>www.lodelmomentoloja.com<br \/>\n#LDMnoticias #lodelmomentolojaLDM<\/p>\n","protected":false},"excerpt":{"rendered":"<p>\ud83d\ude31\u26a0\ufe0f\ud83c\uddea\ud83c\udde8\u00a1Est\u00e1 complicado! El Comit\u00e9 de Operaciones de Emergencia (COE) Nacional llev\u00f3 a cabo la sesi\u00f3n&#8230;<\/p>\n","protected":false},"author":1,"featured_media":24870,"comment_status":"open","ping_status":"open","sticky":false,"template":"","format":"standard","meta":{"footnotes":""},"categories":[7,1],"tags":[],"class_list":["post-24869","post","type-post","status-publish","format-standard","has-post-thumbnail","hentry","category-ecuador","category-inicio"],"_links":{"self":[{"href":"https:\/\/www.lodelmomentoloja.com\/index.php?rest_route=\/wp\/v2\/posts\/24869"}],"collection":[{"href":"https:\/\/www.lodelmomentoloja.com\/index.php?rest_route=\/wp\/v2\/posts"}],"about":[{"href":"https:\/\/www.lodelmomentoloja.com\/index.php?rest_route=\/wp\/v2\/types\/post"}],"author":[{"embeddable":true,"href":"https:\/\/www.lodelmomentoloja.com\/index.php?rest_route=\/wp\/v2\/users\/1"}],"replies":[{"embeddable":true,"href":"https:\/\/www.lodelmomentoloja.com\/index.php?rest_route=%2Fwp%2Fv2%2Fcomments&post=24869"}],"version-history":[{"count":2,"href":"https:\/\/www.lodelmomentoloja.com\/index.php?rest_route=\/wp\/v2\/posts\/24869\/revisions"}],"predecessor-version":[{"id":24872,"href":"https:\/\/www.lodelmomentoloja.com\/index.php?rest_route=\/wp\/v2\/posts\/24869\/revisions\/24872"}],"wp:featuredmedia":[{"embeddable":true,"href":"https:\/\/www.lodelmomentoloja.com\/index.php?rest_route=\/wp\/v2\/media\/24870"}],"wp:attachment":[{"href":"https:\/\/www.lodelmomentoloja.com\/index.php?rest_route=%2Fwp%2Fv2%2Fmedia&parent=24869"}],"wp:term":[{"taxonomy":"category","embeddable":true,"href":"https:\/\/www.lodelmomentoloja.com\/index.php?rest_route=%2Fwp%2Fv2%2Fcategories&post=24869"},{"taxonomy":"post_tag","embeddable":true,"href":"https:\/\/www.lodelmomentoloja.com\/index.php?rest_route=%2Fwp%2Fv2%2Ftags&post=24869"}],"curies":[{"name":"wp","href":"https:\/\/api.w.org\/{rel}","templated":true}]}}