{"id":24848,"date":"2025-02-24T09:34:10","date_gmt":"2025-02-24T09:34:10","guid":{"rendered":"https:\/\/www.lodelmomentoloja.com\/?p=24848"},"modified":"2025-02-24T14:35:50","modified_gmt":"2025-02-24T14:35:50","slug":"6-f4ll3c1d0s-y-6-607-casos-de-dengue-en-ecuador","status":"publish","type":"post","link":"https:\/\/www.lodelmomentoloja.com\/?p=24848","title":{"rendered":"6 F4LL3C1D0S Y 6.607 CASOS DE DENGUE EN ECUADOR"},"content":{"rendered":"<p>\ud83d\ude31\ud83e\udd9f\ud83c\udfe5\u00a1Y siguen aumentando! Seg\u00fan la semana epidemiol\u00f3gica n\u00famero 7 (del 9 al 15 de febrero) emitida por el Ministerio de Salud (MSP), en tan solo una semana m\u00e1s se sumaron 1.100 pacientes contagiados con dengue y 6 personas f4ll3c1d4s. Las provincias que actualmente tienen mayor incidencia son Napo, Orellana, Zamora Chinchipe y Manab\u00ed, adem\u00e1s los pacientes con mayor repercusi\u00f3n a esta infecci\u00f3n est\u00e1n entre los 20 y 49 a\u00f1os, siendo la mayor\u00eda mujeres.<\/p>\n<p>\ud83c\udf10\u2705 S\u00edguenos en nuestra p\u00e1gina verificada: https:\/\/www.facebook.com\/lodelmomentolojaEC<\/p>\n<p>www.lodelmomentoloja.com<br \/>\n<a class=\"x1i10hfl xjbqb8w x1ejq31n xd10rxx x1sy0etr x17r0tee x972fbf xcfux6l x1qhh985 xm0m39n x9f619 x1ypdohk xt0psk2 xe8uvvx xdj266r x11i5rnm xat24cr x1mh8g0r xexx8yu x4uap5 x18d9i69 xkhd6sd x16tdsg8 x1hl2dhg xggy1nq x1a2a7pz  _aa9_ _a6hd\" tabindex=\"0\" role=\"link\" href=\"https:\/\/www.instagram.com\/explore\/tags\/ldmnoticias\/\">#LDMnoticias<\/a>\u00a0<a class=\"x1i10hfl xjbqb8w x1ejq31n xd10rxx x1sy0etr x17r0tee x972fbf xcfux6l x1qhh985 xm0m39n x9f619 x1ypdohk xt0psk2 xe8uvvx xdj266r x11i5rnm xat24cr x1mh8g0r xexx8yu x4uap5 x18d9i69 xkhd6sd x16tdsg8 x1hl2dhg xggy1nq x1a2a7pz  _aa9_ _a6hd\" tabindex=\"0\" role=\"link\" href=\"https:\/\/www.instagram.com\/explore\/tags\/lodelmomentolojaldm\/\">#lodelmomentolojaLDM<\/a><\/p>\n","protected":false},"excerpt":{"rendered":"<p>\ud83d\ude31\ud83e\udd9f\ud83c\udfe5\u00a1Y siguen aumentando! Seg\u00fan la semana epidemiol\u00f3gica n\u00famero 7 (del 9 al 15 de febrero)&#8230;<\/p>\n","protected":false},"author":1,"featured_media":24849,"comment_status":"open","ping_status":"open","sticky":false,"template":"","format":"standard","meta":{"footnotes":""},"categories":[7,1,6],"tags":[],"class_list":["post-24848","post","type-post","status-publish","format-standard","has-post-thumbnail","hentry","category-ecuador","category-inicio","category-zamora"],"_links":{"self":[{"href":"https:\/\/www.lodelmomentoloja.com\/index.php?rest_route=\/wp\/v2\/posts\/24848"}],"collection":[{"href":"https:\/\/www.lodelmomentoloja.com\/index.php?rest_route=\/wp\/v2\/posts"}],"about":[{"href":"https:\/\/www.lodelmomentoloja.com\/index.php?rest_route=\/wp\/v2\/types\/post"}],"author":[{"embeddable":true,"href":"https:\/\/www.lodelmomentoloja.com\/index.php?rest_route=\/wp\/v2\/users\/1"}],"replies":[{"embeddable":true,"href":"https:\/\/www.lodelmomentoloja.com\/index.php?rest_route=%2Fwp%2Fv2%2Fcomments&post=24848"}],"version-history":[{"count":1,"href":"https:\/\/www.lodelmomentoloja.com\/index.php?rest_route=\/wp\/v2\/posts\/24848\/revisions"}],"predecessor-version":[{"id":24850,"href":"https:\/\/www.lodelmomentoloja.com\/index.php?rest_route=\/wp\/v2\/posts\/24848\/revisions\/24850"}],"wp:featuredmedia":[{"embeddable":true,"href":"https:\/\/www.lodelmomentoloja.com\/index.php?rest_route=\/wp\/v2\/media\/24849"}],"wp:attachment":[{"href":"https:\/\/www.lodelmomentoloja.com\/index.php?rest_route=%2Fwp%2Fv2%2Fmedia&parent=24848"}],"wp:term":[{"taxonomy":"category","embeddable":true,"href":"https:\/\/www.lodelmomentoloja.com\/index.php?rest_route=%2Fwp%2Fv2%2Fcategories&post=24848"},{"taxonomy":"post_tag","embeddable":true,"href":"https:\/\/www.lodelmomentoloja.com\/index.php?rest_route=%2Fwp%2Fv2%2Ftags&post=24848"}],"curies":[{"name":"wp","href":"https:\/\/api.w.org\/{rel}","templated":true}]}}