{"id":24791,"date":"2025-02-19T12:17:13","date_gmt":"2025-02-19T12:17:13","guid":{"rendered":"https:\/\/www.lodelmomentoloja.com\/?p=24791"},"modified":"2025-02-19T18:20:03","modified_gmt":"2025-02-19T18:20:03","slug":"abogado-filtra-video-de-minutos-previos-a-la-d3t3nc10n-de-los-4-menores","status":"publish","type":"post","link":"https:\/\/www.lodelmomentoloja.com\/?p=24791","title":{"rendered":"Abogado filtra video de minutos previos a la d3t3nc10n de los 4 menores"},"content":{"rendered":"<p>\ud83d\ude31\ud83e\uddd0\ud83d\udc40 \u00a1Nuevas revelaciones! La defensa de los militares implicados en el caso Las Malvinas difundi\u00f3 un v\u00eddeo en el que, a criterio del jur\u00eddico, se observar\u00eda lo que habr\u00eda ocurrido minutos antes de la aprehensi\u00f3n de los cuatro menores \u00bfCu\u00e1l fue la respuesta de los abogados defensores de los familiares de los menores?<\/p>\n<div style=\"width: 640px;\" class=\"wp-video\"><!--[if lt IE 9]><script>document.createElement('video');<\/script><![endif]-->\n<video class=\"wp-video-shortcode\" id=\"video-24791-1\" width=\"640\" height=\"360\" preload=\"metadata\" controls=\"controls\"><source type=\"video\/mp4\" src=\"http:\/\/www.lodelmomentoloja.com\/wp-content\/uploads\/2025\/02\/CASO-LAS-MALVINAS-REDUCIDO.mp4?_=1\" \/><a href=\"http:\/\/www.lodelmomentoloja.com\/wp-content\/uploads\/2025\/02\/CASO-LAS-MALVINAS-REDUCIDO.mp4\">http:\/\/www.lodelmomentoloja.com\/wp-content\/uploads\/2025\/02\/CASO-LAS-MALVINAS-REDUCIDO.mp4<\/a><\/video><\/div>\n<p>&nbsp;<\/p>\n<p>La desaparici\u00f3n ocurri\u00f3 el pasado 8 de diciembre del 2024. Los j\u00f3venes estaban a la altura del Mall del Sur, en Guayaquil cuando fueron d3t3n1d0s por una patrulla militar. Incluso, en redes sociales se difundieron las im\u00e1genes del momento en que los militares suben a los menores a la camioneta.<\/p>\n<p>Sin embargo, el abogado Jes\u00fas L\u00f3pez, defensor de los 16 implicados, public\u00f3 en su cuenta de TikTok, un nuevo video en el que se\u00f1ala se observar\u00eda los 10 minutos antes del arribo de las Fuerzas Armadas.<\/p>\n<p>All\u00ed, las c\u00e1maras documentaron a dos ciudadanos que se encontraban debajo de un puente, L\u00f3pez menciona que se tratar\u00eda de dos de los menores de Las Malvinas. Los j\u00f3venes cruzan la calle, mientras tanto un transe\u00fante que camina por el sitio, evade a los adolescentes y otro grupo de personas que ven\u00edan detr\u00e1s.<\/p>\n<p>Segundos despu\u00e9s se observa a una persona que intenta 4gr3d1r al transe\u00fante por la espalda para luego, en compa\u00f1\u00eda de otro sujeto, retornar a esconderse bajo el puente. Posteriormente, alrededor de las 20h41 se dio la aprehensi\u00f3n de los cuatros implicados.<\/p>\n<p>Las reacciones no se hicieron esperar, por su parte, Mauro Andino Espinoza se pronunci\u00f3 en su cuenta de X \u201cdifunden un supuesto videos que no prueba absolutamente nada\u201d dice que parte de su post.<\/p>\n<p>Entre tanto, Fernando Bastias, uno de los abogados del caso se\u00f1al\u00f3 que el v\u00eddeo no influye en la investigaci\u00f3n penal y que, adem\u00e1s, se tratar\u00eda de intento por desviar la atenci\u00f3n de la presunta d3s4p4r1c10n forzada alegando que los j\u00f3venes fueron d3t3n1d0s en el cometimiento de un acto 1l1c1t0.<\/p>\n<p>Mientras tanto, la investigaci\u00f3n continua y los implicados permanecen en prisi\u00f3n preventiva. De hecho, la reconstrucci\u00f3n de los hechos se iba a realizar el pasado 16 de febrero, pero se suspendi\u00f3, al igual que la audiencia de apelaci\u00f3n a las medidas que pesan sobre los militares.<\/p>\n<p>Por otro lado, se conoce que Fiscal\u00eda tiene otra investigaci\u00f3n relacionada con el 4s3s1n4t0 de los menores. All\u00ed, una de las piezas clave ser\u00eda un sujeto identificado como alias \u2018Momo\u2019, quien aparentemente, habr\u00eda ordenado que las v\u00edctimas sean c4lc1n4d4s.<\/p>\n<p>\ud83d\udcf2\u25b6\ufe0f Ver video completo en Youtube: https:\/\/youtu.be\/00nJ9kpby-s<\/p>\n<p>\ud83c\udf10\u2705 S\u00edguenos en nuestra p\u00e1gina verificada: https:\/\/www.facebook.com\/lodelmomentolojaEC<\/p>\n<p>www.lodelmomentoloja.com<br \/>\n#LDMnoticias #lodelmomentolojaLDM<\/p>\n","protected":false},"excerpt":{"rendered":"<p>\ud83d\ude31\ud83e\uddd0\ud83d\udc40 \u00a1Nuevas revelaciones! La defensa de los militares implicados en el caso Las Malvinas difundi\u00f3&#8230;<\/p>\n","protected":false},"author":1,"featured_media":24793,"comment_status":"open","ping_status":"open","sticky":false,"template":"","format":"standard","meta":{"footnotes":""},"categories":[7,1],"tags":[],"class_list":["post-24791","post","type-post","status-publish","format-standard","has-post-thumbnail","hentry","category-ecuador","category-inicio"],"_links":{"self":[{"href":"https:\/\/www.lodelmomentoloja.com\/index.php?rest_route=\/wp\/v2\/posts\/24791"}],"collection":[{"href":"https:\/\/www.lodelmomentoloja.com\/index.php?rest_route=\/wp\/v2\/posts"}],"about":[{"href":"https:\/\/www.lodelmomentoloja.com\/index.php?rest_route=\/wp\/v2\/types\/post"}],"author":[{"embeddable":true,"href":"https:\/\/www.lodelmomentoloja.com\/index.php?rest_route=\/wp\/v2\/users\/1"}],"replies":[{"embeddable":true,"href":"https:\/\/www.lodelmomentoloja.com\/index.php?rest_route=%2Fwp%2Fv2%2Fcomments&post=24791"}],"version-history":[{"count":1,"href":"https:\/\/www.lodelmomentoloja.com\/index.php?rest_route=\/wp\/v2\/posts\/24791\/revisions"}],"predecessor-version":[{"id":24794,"href":"https:\/\/www.lodelmomentoloja.com\/index.php?rest_route=\/wp\/v2\/posts\/24791\/revisions\/24794"}],"wp:featuredmedia":[{"embeddable":true,"href":"https:\/\/www.lodelmomentoloja.com\/index.php?rest_route=\/wp\/v2\/media\/24793"}],"wp:attachment":[{"href":"https:\/\/www.lodelmomentoloja.com\/index.php?rest_route=%2Fwp%2Fv2%2Fmedia&parent=24791"}],"wp:term":[{"taxonomy":"category","embeddable":true,"href":"https:\/\/www.lodelmomentoloja.com\/index.php?rest_route=%2Fwp%2Fv2%2Fcategories&post=24791"},{"taxonomy":"post_tag","embeddable":true,"href":"https:\/\/www.lodelmomentoloja.com\/index.php?rest_route=%2Fwp%2Fv2%2Ftags&post=24791"}],"curies":[{"name":"wp","href":"https:\/\/api.w.org\/{rel}","templated":true}]}}