{"id":24788,"date":"2025-02-19T10:09:22","date_gmt":"2025-02-19T10:09:22","guid":{"rendered":"https:\/\/www.lodelmomentoloja.com\/?p=24788"},"modified":"2025-02-19T15:19:42","modified_gmt":"2025-02-19T15:19:42","slug":"prefecto-de-loja-solicita-vacaciones-en-medio-de-una-temporada-complicada-para-las-zonas-rurales","status":"publish","type":"post","link":"https:\/\/www.lodelmomentoloja.com\/?p=24788","title":{"rendered":"PREFECTO DE LOJA, SOLICITA VACACIONES EN MEDIO DE UNA TEMPORADA COMPLICADA PARA LAS ZONAS RURALES"},"content":{"rendered":"<p>\ud83d\udc4b\ud83c\udffb\ud83e\udda5\ud83d\ude44 \u00a1Se toma su tiempo! Mediante sesi\u00f3n de la C\u00e1mara Provincial realizada en Zapotillo, el Prefecto de Loja ha solicitado 10 d\u00edas para tomar una pausa a sus funciones y hacer uso de las vacaciones, por lo que estar\u00e1 ausente desde el 19 al 28 de febrero 2025, misma fecha que asumir\u00e1 la Viceprefecta Abg. Mar\u00eda Jos\u00e9 Sotomayor como Prefecta Subrogante. La autoridad provincial se ausentar\u00e1 en medio de una temporada bastante complicada para las zonas rurales debido a las condiciones del invierno, ya que varias parroquias de la provincia se encuentran pidiendo declararse en emergencia.<\/p>\n<p>En lo que va de la administraci\u00f3n, en menos de dos a\u00f1os, Mancin0 ya acumula tres salidas por condiciones similares, dando un total de 34 d\u00edas.<\/p>\n<p>\ud83c\udf10\u2705 S\u00edguenos en nuestra p\u00e1gina verificada: https:\/\/www.facebook.com\/lodelmomentolojaEC<\/p>\n<p>www.lodelmomentoloja.com<br \/>\n#LDMnoticias #lodelmomentolojaLDM<\/p>\n","protected":false},"excerpt":{"rendered":"<p>\ud83d\udc4b\ud83c\udffb\ud83e\udda5\ud83d\ude44 \u00a1Se toma su tiempo! Mediante sesi\u00f3n de la C\u00e1mara Provincial realizada en Zapotillo, el&#8230;<\/p>\n","protected":false},"author":1,"featured_media":24789,"comment_status":"open","ping_status":"open","sticky":false,"template":"","format":"standard","meta":{"footnotes":""},"categories":[1,5],"tags":[],"class_list":["post-24788","post","type-post","status-publish","format-standard","has-post-thumbnail","hentry","category-inicio","category-loja"],"_links":{"self":[{"href":"https:\/\/www.lodelmomentoloja.com\/index.php?rest_route=\/wp\/v2\/posts\/24788"}],"collection":[{"href":"https:\/\/www.lodelmomentoloja.com\/index.php?rest_route=\/wp\/v2\/posts"}],"about":[{"href":"https:\/\/www.lodelmomentoloja.com\/index.php?rest_route=\/wp\/v2\/types\/post"}],"author":[{"embeddable":true,"href":"https:\/\/www.lodelmomentoloja.com\/index.php?rest_route=\/wp\/v2\/users\/1"}],"replies":[{"embeddable":true,"href":"https:\/\/www.lodelmomentoloja.com\/index.php?rest_route=%2Fwp%2Fv2%2Fcomments&post=24788"}],"version-history":[{"count":1,"href":"https:\/\/www.lodelmomentoloja.com\/index.php?rest_route=\/wp\/v2\/posts\/24788\/revisions"}],"predecessor-version":[{"id":24790,"href":"https:\/\/www.lodelmomentoloja.com\/index.php?rest_route=\/wp\/v2\/posts\/24788\/revisions\/24790"}],"wp:featuredmedia":[{"embeddable":true,"href":"https:\/\/www.lodelmomentoloja.com\/index.php?rest_route=\/wp\/v2\/media\/24789"}],"wp:attachment":[{"href":"https:\/\/www.lodelmomentoloja.com\/index.php?rest_route=%2Fwp%2Fv2%2Fmedia&parent=24788"}],"wp:term":[{"taxonomy":"category","embeddable":true,"href":"https:\/\/www.lodelmomentoloja.com\/index.php?rest_route=%2Fwp%2Fv2%2Fcategories&post=24788"},{"taxonomy":"post_tag","embeddable":true,"href":"https:\/\/www.lodelmomentoloja.com\/index.php?rest_route=%2Fwp%2Fv2%2Ftags&post=24788"}],"curies":[{"name":"wp","href":"https:\/\/api.w.org\/{rel}","templated":true}]}}