{"id":24766,"date":"2025-02-18T15:37:53","date_gmt":"2025-02-18T15:37:53","guid":{"rendered":"https:\/\/www.lodelmomentoloja.com\/?p=24766"},"modified":"2025-02-18T20:39:54","modified_gmt":"2025-02-18T20:39:54","slug":"gobierno-de-colombia-desmiente-declaraciones-de-daniel-n0b04","status":"publish","type":"post","link":"https:\/\/www.lodelmomentoloja.com\/?p=24766","title":{"rendered":"Gobierno de Colombia, desmiente declaraciones de Daniel N0b04"},"content":{"rendered":"<p>\ud83c\uddea\ud83c\udde8\ud83d\udeab\u26a1\u00a1No mijin, no! El Ministerio de Energ\u00eda desminti\u00f3 las afirmaciones del presidente de Ecuador D4n1el N0b04, declaraciones realizadas en una entrevista televisiva la ma\u00f1ana de hoy, sobre la presunta venta de energ\u00eda el\u00e9ctrica al pa\u00eds cafetero, en la que afirmaba que 5 GWh. Seg\u00fan esta cartera de estado de Colombia, expone que no existe un acuerdo de compra entre ambos pa\u00edses, sin embargo, se registran intercambios no programados de energ\u00eda, formando parte de la operaci\u00f3n de sistema interconectado y no de una transacci\u00f3n comercial formal.<\/p>\n<p>Aunque el 15 de febrero se registr\u00f3 una importaci\u00f3n de 3.65 GWh desde Ecuador, este intercambio fue parte de la operaci\u00f3n del sistema interconectado y no de una transacci\u00f3n comercial formal.<\/p>\n<p>\ud83c\udf10\u2705 S\u00edguenos en nuestra p\u00e1gina verificada: https:\/\/www.facebook.com\/lodelmomentolojaEC<\/p>\n<p>www.lodelmomentoloja.com<br \/>\n#LDMnoticias #lodelmomentolojaLDM<\/p>\n","protected":false},"excerpt":{"rendered":"<p>\ud83c\uddea\ud83c\udde8\ud83d\udeab\u26a1\u00a1No mijin, no! El Ministerio de Energ\u00eda desminti\u00f3 las afirmaciones del presidente de Ecuador D4n1el&#8230;<\/p>\n","protected":false},"author":1,"featured_media":24767,"comment_status":"open","ping_status":"open","sticky":false,"template":"","format":"standard","meta":{"footnotes":""},"categories":[7,1,4],"tags":[],"class_list":["post-24766","post","type-post","status-publish","format-standard","has-post-thumbnail","hentry","category-ecuador","category-inicio","category-internacional"],"_links":{"self":[{"href":"https:\/\/www.lodelmomentoloja.com\/index.php?rest_route=\/wp\/v2\/posts\/24766"}],"collection":[{"href":"https:\/\/www.lodelmomentoloja.com\/index.php?rest_route=\/wp\/v2\/posts"}],"about":[{"href":"https:\/\/www.lodelmomentoloja.com\/index.php?rest_route=\/wp\/v2\/types\/post"}],"author":[{"embeddable":true,"href":"https:\/\/www.lodelmomentoloja.com\/index.php?rest_route=\/wp\/v2\/users\/1"}],"replies":[{"embeddable":true,"href":"https:\/\/www.lodelmomentoloja.com\/index.php?rest_route=%2Fwp%2Fv2%2Fcomments&post=24766"}],"version-history":[{"count":1,"href":"https:\/\/www.lodelmomentoloja.com\/index.php?rest_route=\/wp\/v2\/posts\/24766\/revisions"}],"predecessor-version":[{"id":24768,"href":"https:\/\/www.lodelmomentoloja.com\/index.php?rest_route=\/wp\/v2\/posts\/24766\/revisions\/24768"}],"wp:featuredmedia":[{"embeddable":true,"href":"https:\/\/www.lodelmomentoloja.com\/index.php?rest_route=\/wp\/v2\/media\/24767"}],"wp:attachment":[{"href":"https:\/\/www.lodelmomentoloja.com\/index.php?rest_route=%2Fwp%2Fv2%2Fmedia&parent=24766"}],"wp:term":[{"taxonomy":"category","embeddable":true,"href":"https:\/\/www.lodelmomentoloja.com\/index.php?rest_route=%2Fwp%2Fv2%2Fcategories&post=24766"},{"taxonomy":"post_tag","embeddable":true,"href":"https:\/\/www.lodelmomentoloja.com\/index.php?rest_route=%2Fwp%2Fv2%2Ftags&post=24766"}],"curies":[{"name":"wp","href":"https:\/\/api.w.org\/{rel}","templated":true}]}}